{"id":932,"date":"2026-03-12T05:56:29","date_gmt":"2026-03-12T04:56:29","guid":{"rendered":"https:\/\/www.minutenzeiger.de\/?p=932"},"modified":"2026-03-12T05:56:29","modified_gmt":"2026-03-12T04:56:29","slug":"medienforscherin-kritisiert-ein-generelles-social-media-verbot-heise-online","status":"publish","type":"post","link":"https:\/\/www.minutenzeiger.de\/?p=932","title":{"rendered":"Medienforscherin kritisiert ein generelles Social-Media-Verbot | heise online"},"content":{"rendered":"<blockquote><p>Analoge Probleme lassen sich nicht mit einem digitalen Verbot beheben und die Alterskontrolle funktioniert nicht wie an der Kasse.<\/p><\/blockquote>\n<p>Quelle: <em><a href=\"https:\/\/www.heise.de\/hintergrund\/Medienforscherin-kritisiert-ein-generelles-Social-Media-Verbot-11205362.html\">Medienforscherin kritisiert ein generelles Social-Media-Verbot | heise online<\/a><\/em><\/p>\n","protected":false},"excerpt":{"rendered":"<p>Analoge Probleme lassen sich nicht mit einem digitalen Verbot beheben und die Alterskontrolle funktioniert nicht wie an der Kasse. Quelle: Medienforscherin kritisiert ein generelles Social-Media-Verbot | heise online<\/p>\n","protected":false},"author":1,"featured_media":0,"comment_status":"closed","ping_status":"open","sticky":false,"template":"","format":"standard","meta":{"jetpack_post_was_ever_published":false,"_jetpack_newsletter_access":"","_jetpack_newsletter_tier_id":0},"categories":[16,21,3,11,8,9,6,4],"tags":[],"jetpack_sharing_enabled":true,"jetpack_featured_media_url":"","jetpack_shortlink":"https:\/\/wp.me\/paAhe5-f2","jetpack-related-posts":[{"id":508,"url":"https:\/\/www.minutenzeiger.de\/?p=508","url_meta":{"origin":932,"position":0},"title":"Kommentar: Verbot der Netz-Anonymit\u00e4t legt die Axt an die Demokratie","author":"Gonmag","date":"6. Dezember 2015","format":false,"excerpt":"Kommentar: Verbot der Netz-Anonymit\u00e4t legt die Axt an die Demokratie - heise online http:\/\/heise.de\/-3032799","rel":"","context":"In &quot;Gesellschaft&quot;","block_context":{"text":"Gesellschaft","link":"https:\/\/www.minutenzeiger.de\/?cat=3"},"img":{"alt_text":"","src":"","width":0,"height":0},"classes":[]},{"id":474,"url":"https:\/\/www.minutenzeiger.de\/?p=474","url_meta":{"origin":932,"position":1},"title":"Krone-Schmalz kritisiert mangelnde Pressefreiheit in Deutschland","author":"Gonmag","date":"15. Oktober 2015","format":false,"excerpt":"Krone-Schmalz kritisiert mangelnde Pressefreiheit in Deutschland - Telepolis \/tp\/artikel\/46\/46276\/","rel":"","context":"In &quot;Gesellschaft&quot;","block_context":{"text":"Gesellschaft","link":"https:\/\/www.minutenzeiger.de\/?cat=3"},"img":{"alt_text":"","src":"","width":0,"height":0},"classes":[]},{"id":770,"url":"https:\/\/www.minutenzeiger.de\/?p=770","url_meta":{"origin":932,"position":2},"title":"KI: Warum wir gro\u00dfe Sprachmodelle nicht wie Menschen behandeln sollten | heise online","author":"Gonmag","date":"7. September 2023","format":false,"excerpt":"Angesichts der Bef\u00fcrchtungen, die mit KI einhergehen, wird es Zeit, sich zu verst\u00e4ndigen, was sie wirklich leisten kann. Das beginnt schon bei Testverfahren. Quelle: KI: Warum wir gro\u00dfe Sprachmodelle nicht wie Menschen behandeln sollten | heise online","rel":"","context":"In &quot;AI\/KI&quot;","block_context":{"text":"AI\/KI","link":"https:\/\/www.minutenzeiger.de\/?cat=16"},"img":{"alt_text":"","src":"","width":0,"height":0},"classes":[]},{"id":763,"url":"https:\/\/www.minutenzeiger.de\/?p=763","url_meta":{"origin":932,"position":3},"title":"Anzeichen von Bewusstsein bei ChatGPT und Co.? | heise online","author":"Gonmag","date":"7. September 2023","format":false,"excerpt":"Ein interdisziplin\u00e4res Forschungsteam hat eine Liste von Eigenschaften aufgestellt, die auf Bewusstsein deuten, und aktuelle KI-Systeme darauf abgeklopft. Quelle: Anzeichen von Bewusstsein bei ChatGPT und Co.? | heise online","rel":"","context":"In &quot;AI\/KI&quot;","block_context":{"text":"AI\/KI","link":"https:\/\/www.minutenzeiger.de\/?cat=16"},"img":{"alt_text":"","src":"","width":0,"height":0},"classes":[]},{"id":234,"url":"https:\/\/www.minutenzeiger.de\/?p=234","url_meta":{"origin":932,"position":4},"title":"Datensch\u00fctzer: WhatsApp taugt nicht f\u00fcr Pflegedienste","author":"Gonmag","date":"26. M\u00e4rz 2015","format":false,"excerpt":"Datensch\u00fctzer: WhatsApp taugt nicht f\u00fcr Pflegedienste - heise online http:\/\/heise.de\/-2584653","rel":"","context":"In &quot;Gesellschaft&quot;","block_context":{"text":"Gesellschaft","link":"https:\/\/www.minutenzeiger.de\/?cat=3"},"img":{"alt_text":"","src":"","width":0,"height":0},"classes":[]},{"id":726,"url":"https:\/\/www.minutenzeiger.de\/?p=726","url_meta":{"origin":932,"position":5},"title":"H\u00f6hepunkt der Perseiden 2023: Sternschnuppen beobachten und fotografieren | heise online","author":"Gonmag","date":"10. August 2023","format":false,"excerpt":"Lightpollutionmap Quelle: H\u00f6hepunkt der Perseiden 2023: Sternschnuppen beobachten und fotografieren | heise online","rel":"","context":"In &quot;Allgemein&quot;","block_context":{"text":"Allgemein","link":"https:\/\/www.minutenzeiger.de\/?cat=1"},"img":{"alt_text":"","src":"","width":0,"height":0},"classes":[]}],"_links":{"self":[{"href":"https:\/\/www.minutenzeiger.de\/index.php?rest_route=\/wp\/v2\/posts\/932"}],"collection":[{"href":"https:\/\/www.minutenzeiger.de\/index.php?rest_route=\/wp\/v2\/posts"}],"about":[{"href":"https:\/\/www.minutenzeiger.de\/index.php?rest_route=\/wp\/v2\/types\/post"}],"author":[{"embeddable":true,"href":"https:\/\/www.minutenzeiger.de\/index.php?rest_route=\/wp\/v2\/users\/1"}],"replies":[{"embeddable":true,"href":"https:\/\/www.minutenzeiger.de\/index.php?rest_route=%2Fwp%2Fv2%2Fcomments&post=932"}],"version-history":[{"count":1,"href":"https:\/\/www.minutenzeiger.de\/index.php?rest_route=\/wp\/v2\/posts\/932\/revisions"}],"predecessor-version":[{"id":933,"href":"https:\/\/www.minutenzeiger.de\/index.php?rest_route=\/wp\/v2\/posts\/932\/revisions\/933"}],"wp:attachment":[{"href":"https:\/\/www.minutenzeiger.de\/index.php?rest_route=%2Fwp%2Fv2%2Fmedia&parent=932"}],"wp:term":[{"taxonomy":"category","embeddable":true,"href":"https:\/\/www.minutenzeiger.de\/index.php?rest_route=%2Fwp%2Fv2%2Fcategories&post=932"},{"taxonomy":"post_tag","embeddable":true,"href":"https:\/\/www.minutenzeiger.de\/index.php?rest_route=%2Fwp%2Fv2%2Ftags&post=932"}],"curies":[{"name":"wp","href":"https:\/\/api.w.org\/{rel}","templated":true}]}}