{"id":929,"date":"2026-03-12T05:45:37","date_gmt":"2026-03-12T04:45:37","guid":{"rendered":"https:\/\/www.minutenzeiger.de\/?p=929"},"modified":"2026-03-12T05:45:37","modified_gmt":"2026-03-12T04:45:37","slug":"staatstrojaner-einsatz-bgh-zieht-rote-linie-bei-messenger-ueberwachung-heise-online","status":"publish","type":"post","link":"https:\/\/www.minutenzeiger.de\/?p=929","title":{"rendered":"Staatstrojaner-Einsatz: BGH zieht rote Linie bei Messenger-\u00dcberwachung | heise online"},"content":{"rendered":"<blockquote><p>Der BGH zieht eine klare rote Linie bei der \u00dcberwachung von Messengern per Quellen-TK\u00dc: Das Mitlesen alter Nachrichten ohne strenge Auflagen ist rechtswidrig.<\/p><\/blockquote>\n<p>Quelle: <em><a href=\"https:\/\/www.heise.de\/news\/BGH-Beschluss-Polizei-darf-bei-Chat-Ueberwachung-nicht-in-Vergangenheit-schauen-11207763.html\">Staatstrojaner-Einsatz: BGH zieht rote Linie bei Messenger-\u00dcberwachung | heise online<\/a><\/em><\/p>\n","protected":false},"excerpt":{"rendered":"<p>Der BGH zieht eine klare rote Linie bei der \u00dcberwachung von Messengern per Quellen-TK\u00dc: Das Mitlesen alter Nachrichten ohne strenge Auflagen ist rechtswidrig. Quelle: Staatstrojaner-Einsatz: BGH zieht rote Linie bei Messenger-\u00dcberwachung | heise online<\/p>\n","protected":false},"author":1,"featured_media":0,"comment_status":"closed","ping_status":"open","sticky":false,"template":"","format":"standard","meta":{"jetpack_post_was_ever_published":false,"_jetpack_newsletter_access":"","_jetpack_newsletter_tier_id":0},"categories":[3,11,6,4],"tags":[],"jetpack_sharing_enabled":true,"jetpack_featured_media_url":"","jetpack_shortlink":"https:\/\/wp.me\/paAhe5-eZ","jetpack-related-posts":[{"id":932,"url":"https:\/\/www.minutenzeiger.de\/?p=932","url_meta":{"origin":929,"position":0},"title":"Medienforscherin kritisiert ein generelles Social-Media-Verbot | heise online","author":"Gonmag","date":"12. M\u00e4rz 2026","format":false,"excerpt":"Analoge Probleme lassen sich nicht mit einem digitalen Verbot beheben und die Alterskontrolle funktioniert nicht wie an der Kasse. Quelle: Medienforscherin kritisiert ein generelles Social-Media-Verbot | heise online","rel":"","context":"In &quot;AI\/KI&quot;","block_context":{"text":"AI\/KI","link":"https:\/\/www.minutenzeiger.de\/?cat=16"},"img":{"alt_text":"","src":"","width":0,"height":0},"classes":[]},{"id":368,"url":"https:\/\/www.minutenzeiger.de\/?p=368","url_meta":{"origin":929,"position":1},"title":"NSA-Skandal: USA hatten nichts gegen Herausgabe der NSA-Selektorenliste","author":"Gonmag","date":"12. August 2015","format":false,"excerpt":"NSA-Skandal: USA hatten nichts gegen Herausgabe der NSA-Selektorenliste - heise online http:\/\/heise.de\/-2777248","rel":"","context":"In &quot;IT&quot;","block_context":{"text":"IT","link":"https:\/\/www.minutenzeiger.de\/?cat=11"},"img":{"alt_text":"","src":"","width":0,"height":0},"classes":[]},{"id":508,"url":"https:\/\/www.minutenzeiger.de\/?p=508","url_meta":{"origin":929,"position":2},"title":"Kommentar: Verbot der Netz-Anonymit\u00e4t legt die Axt an die Demokratie","author":"Gonmag","date":"6. Dezember 2015","format":false,"excerpt":"Kommentar: Verbot der Netz-Anonymit\u00e4t legt die Axt an die Demokratie - heise online http:\/\/heise.de\/-3032799","rel":"","context":"In &quot;Gesellschaft&quot;","block_context":{"text":"Gesellschaft","link":"https:\/\/www.minutenzeiger.de\/?cat=3"},"img":{"alt_text":"","src":"","width":0,"height":0},"classes":[]},{"id":140,"url":"https:\/\/www.minutenzeiger.de\/?p=140","url_meta":{"origin":929,"position":3},"title":"Kommentar: Die Crypto-Wars 3.0 sind ein Kampf um den Erhalt der Demokratie","author":"Gonmag","date":"23. Januar 2015","format":false,"excerpt":"Kommentar: Die Crypto-Wars 3.0 sind ein Kampf um den Erhalt der Demokratie - heise online http:\/\/heise.de\/-2525998","rel":"","context":"In &quot;Gesellschaft&quot;","block_context":{"text":"Gesellschaft","link":"https:\/\/www.minutenzeiger.de\/?cat=3"},"img":{"alt_text":"","src":"","width":0,"height":0},"classes":[]},{"id":9,"url":"https:\/\/www.minutenzeiger.de\/?p=9","url_meta":{"origin":929,"position":4},"title":"Verfassungsbeschwerde gegen Kfz-Kennzeichen-Scanning","author":"Gonmag","date":"3. Januar 2015","format":false,"excerpt":"Verfassungsbeschwerde gegen Kfz-Kennzeichen-Scanning - heise online http:\/\/heise.de\/-2507669","rel":"","context":"In &quot;\u00dcberwachung&quot;","block_context":{"text":"\u00dcberwachung","link":"https:\/\/www.minutenzeiger.de\/?cat=4"},"img":{"alt_text":"","src":"","width":0,"height":0},"classes":[]},{"id":58,"url":"https:\/\/www.minutenzeiger.de\/?p=58","url_meta":{"origin":929,"position":5},"title":"Gro\u00dfbritannien: Cameron will gegen Verschl\u00fcsselung vorgehen","author":"Gonmag","date":"13. Januar 2015","format":false,"excerpt":"Gro\u00dfbritannien: Cameron will gegen Verschl\u00fcsselung vorgehen - heise online http:\/\/heise.de\/-2516774","rel":"","context":"In &quot;Gesellschaft&quot;","block_context":{"text":"Gesellschaft","link":"https:\/\/www.minutenzeiger.de\/?cat=3"},"img":{"alt_text":"","src":"","width":0,"height":0},"classes":[]}],"_links":{"self":[{"href":"https:\/\/www.minutenzeiger.de\/index.php?rest_route=\/wp\/v2\/posts\/929"}],"collection":[{"href":"https:\/\/www.minutenzeiger.de\/index.php?rest_route=\/wp\/v2\/posts"}],"about":[{"href":"https:\/\/www.minutenzeiger.de\/index.php?rest_route=\/wp\/v2\/types\/post"}],"author":[{"embeddable":true,"href":"https:\/\/www.minutenzeiger.de\/index.php?rest_route=\/wp\/v2\/users\/1"}],"replies":[{"embeddable":true,"href":"https:\/\/www.minutenzeiger.de\/index.php?rest_route=%2Fwp%2Fv2%2Fcomments&post=929"}],"version-history":[{"count":1,"href":"https:\/\/www.minutenzeiger.de\/index.php?rest_route=\/wp\/v2\/posts\/929\/revisions"}],"predecessor-version":[{"id":930,"href":"https:\/\/www.minutenzeiger.de\/index.php?rest_route=\/wp\/v2\/posts\/929\/revisions\/930"}],"wp:attachment":[{"href":"https:\/\/www.minutenzeiger.de\/index.php?rest_route=%2Fwp%2Fv2%2Fmedia&parent=929"}],"wp:term":[{"taxonomy":"category","embeddable":true,"href":"https:\/\/www.minutenzeiger.de\/index.php?rest_route=%2Fwp%2Fv2%2Fcategories&post=929"},{"taxonomy":"post_tag","embeddable":true,"href":"https:\/\/www.minutenzeiger.de\/index.php?rest_route=%2Fwp%2Fv2%2Ftags&post=929"}],"curies":[{"name":"wp","href":"https:\/\/api.w.org\/{rel}","templated":true}]}}