{"id":917,"date":"2025-11-26T16:48:15","date_gmt":"2025-11-26T15:48:15","guid":{"rendered":"https:\/\/www.minutenzeiger.de\/?p=917"},"modified":"2025-11-26T16:48:15","modified_gmt":"2025-11-26T15:48:15","slug":"wie-mit-einer-statistik-zu-jugendkriminalitaet-stimmung-gemacht-wird-tagesschau-de","status":"publish","type":"post","link":"https:\/\/www.minutenzeiger.de\/?p=917","title":{"rendered":"Wie mit einer Statistik zu Jugendkriminalit\u00e4t Stimmung gemacht wird | tagesschau.de"},"content":{"rendered":"<blockquote><p>Eine Studie zu Kriminalit\u00e4t von Jugendlichen in NRW hat heftige Reaktionen ausgel\u00f6st. Die Forscher widersprechen jedoch der Interpretation in Medien und Teilen der daraus von Politikern abgeleiteten Forderungen. Von Wulf Rohwedder.<\/p><\/blockquote>\n<p>Quelle: <em><a href=\"https:\/\/www.tagesschau.de\/faktenfinder\/kriminalitaet-schueler-nrw-100.html\">Wie mit einer Statistik zu Jugendkriminalit\u00e4t Stimmung gemacht wird | tagesschau.de<\/a><\/em><\/p>\n","protected":false},"excerpt":{"rendered":"<p>Eine Studie zu Kriminalit\u00e4t von Jugendlichen in NRW hat heftige Reaktionen ausgel\u00f6st. Die Forscher widersprechen jedoch der Interpretation in Medien und Teilen der daraus von Politikern abgeleiteten Forderungen. Von Wulf Rohwedder. Quelle: Wie mit einer Statistik zu Jugendkriminalit\u00e4t Stimmung gemacht wird | tagesschau.de<\/p>\n","protected":false},"author":1,"featured_media":0,"comment_status":"closed","ping_status":"open","sticky":false,"template":"","format":"standard","meta":{"jetpack_post_was_ever_published":false,"_jetpack_newsletter_access":"","_jetpack_newsletter_tier_id":0},"categories":[7,3,8,9,6],"tags":[],"jetpack_sharing_enabled":true,"jetpack_featured_media_url":"","jetpack_shortlink":"https:\/\/wp.me\/paAhe5-eN","jetpack-related-posts":[{"id":776,"url":"https:\/\/www.minutenzeiger.de\/?p=776","url_meta":{"origin":917,"position":0},"title":"Wof\u00fcr ein B\u00e4cker aus Unterfranken K\u00fcnstliche Intelligenz einsetzt | tagesschau.de","author":"Gonmag","date":"17. September 2023","format":false,"excerpt":"Bei einem B\u00e4cker aus Unterfranken meldet ein KI-System, wenn das Br\u00f6tchenregal Nachschub braucht. Das Handwerk hofft, mit solchen technischen Innovationen auch die Personalnot zu lindern. Von Frank Breitenstein. Quelle: Wof\u00fcr ein B\u00e4cker aus Unterfranken K\u00fcnstliche Intelligenz einsetzt | tagesschau.de","rel":"","context":"In &quot;AI\/KI&quot;","block_context":{"text":"AI\/KI","link":"https:\/\/www.minutenzeiger.de\/?cat=16"},"img":{"alt_text":"","src":"","width":0,"height":0},"classes":[]},{"id":909,"url":"https:\/\/www.minutenzeiger.de\/?p=909","url_meta":{"origin":917,"position":1},"title":"Forschende finden Hinweise auf geheimen Pyramiden-Eingang | tagesschau.de","author":"Gonmag","date":"18. November 2025","format":false,"excerpt":"Die Pyramide des Pharaos Mykerinos im \u00e4gyptischen Gizeh hat offenbar einen weiteren, bisher unbekannten Eingang. Das folgern Wissenschaftler aus Kairo und M\u00fcnchen aus Messdaten von der Au\u00dfenfassade. Von Sebastian Kirschner. Quelle: Forschende finden Hinweise auf geheimen Pyramiden-Eingang | tagesschau.de","rel":"","context":"In &quot;Allgemein&quot;","block_context":{"text":"Allgemein","link":"https:\/\/www.minutenzeiger.de\/?cat=1"},"img":{"alt_text":"","src":"","width":0,"height":0},"classes":[]},{"id":922,"url":"https:\/\/www.minutenzeiger.de\/?p=922","url_meta":{"origin":917,"position":2},"title":"Sp\u00e4terer Start macht eher Weltklasse | tagesschau.de","author":"Gonmag","date":"19. Dezember 2025","format":false,"excerpt":"Wunderkind Mozart und Golfer Woods sind Ausnahmen: Eine Studie zeigt, dass die meisten erwachsenen Spitzenperformer gar keine Wunderkinder waren. Vielf\u00e4ltige Interessen und langsame Entwicklung seien viel erfolgversprechender. Von Julia Nestlen. Quelle: Sp\u00e4terer Start macht eher Weltklasse | tagesschau.de","rel":"","context":"In &quot;Bildung&quot;","block_context":{"text":"Bildung","link":"https:\/\/www.minutenzeiger.de\/?cat=21"},"img":{"alt_text":"","src":"","width":0,"height":0},"classes":[]},{"id":774,"url":"https:\/\/www.minutenzeiger.de\/?p=774","url_meta":{"origin":917,"position":3},"title":"Riester-Rente: Attraktiv nur f\u00fcr Banken und Versicherungen? | tagesschau.de","author":"Gonmag","date":"11. September 2023","format":false,"excerpt":"Die Versprechungen waren gro\u00df, doch die Ergebnisse sind oft mehr als mager. Die Riester-Rente sollte eine Zusatzversorgung im Alter sein - stattdessen haben vor allem Banken und Versicherungen abgesahnt. Von Edith Dietrich. Quelle: Riester-Rente: Attraktiv nur f\u00fcr Banken und Versicherungen? | tagesschau.de","rel":"","context":"In &quot;Gesellschaft&quot;","block_context":{"text":"Gesellschaft","link":"https:\/\/www.minutenzeiger.de\/?cat=3"},"img":{"alt_text":"","src":"","width":0,"height":0},"classes":[]},{"id":807,"url":"https:\/\/www.minutenzeiger.de\/?p=807","url_meta":{"origin":917,"position":4},"title":"\u00c4ltere am Steuer: Wie h\u00e4ufig verursachen Senioren Unf\u00e4lle im Stra\u00dfenverkehr?","author":"Gonmag","date":"5. Dezember 2023","format":false,"excerpt":"Die Europ\u00e4ische Kommission hat vorgeschlagen, die Fahrtauglichkeit \u00e4lterer Autofahrer regelm\u00e4\u00dfig zu \u00fcberpr\u00fcfen. Was sagt die Statistik \u00fcber das Risiko von Seniorinnen und Senioren hinter dem Lenkrad? Quelle: \u00c4ltere am Steuer: Wie h\u00e4ufig verursachen Senioren Unf\u00e4lle im Stra\u00dfenverkehr?","rel":"","context":"In &quot;Gesellschaft&quot;","block_context":{"text":"Gesellschaft","link":"https:\/\/www.minutenzeiger.de\/?cat=3"},"img":{"alt_text":"","src":"","width":0,"height":0},"classes":[]},{"id":915,"url":"https:\/\/www.minutenzeiger.de\/?p=915","url_meta":{"origin":917,"position":5},"title":"KI verbreitet Fake-Beziehung zwischen Kontra K und einer Journalistin | taz.de","author":"Gonmag","date":"20. November 2025","format":false,"excerpt":"Automatisierte Nachrichtenseiten erfinden die Beziehung einer Journalistin zu einem Rapper. Und zeigen, wie gef\u00e4hrlich KI f\u00fcr den Journalismus ist. Quelle: KI verbreitet Fake-Beziehung zwischen Kontra K und einer Journalistin | taz.de","rel":"","context":"In &quot;AI\/KI&quot;","block_context":{"text":"AI\/KI","link":"https:\/\/www.minutenzeiger.de\/?cat=16"},"img":{"alt_text":"","src":"","width":0,"height":0},"classes":[]}],"_links":{"self":[{"href":"https:\/\/www.minutenzeiger.de\/index.php?rest_route=\/wp\/v2\/posts\/917"}],"collection":[{"href":"https:\/\/www.minutenzeiger.de\/index.php?rest_route=\/wp\/v2\/posts"}],"about":[{"href":"https:\/\/www.minutenzeiger.de\/index.php?rest_route=\/wp\/v2\/types\/post"}],"author":[{"embeddable":true,"href":"https:\/\/www.minutenzeiger.de\/index.php?rest_route=\/wp\/v2\/users\/1"}],"replies":[{"embeddable":true,"href":"https:\/\/www.minutenzeiger.de\/index.php?rest_route=%2Fwp%2Fv2%2Fcomments&post=917"}],"version-history":[{"count":1,"href":"https:\/\/www.minutenzeiger.de\/index.php?rest_route=\/wp\/v2\/posts\/917\/revisions"}],"predecessor-version":[{"id":918,"href":"https:\/\/www.minutenzeiger.de\/index.php?rest_route=\/wp\/v2\/posts\/917\/revisions\/918"}],"wp:attachment":[{"href":"https:\/\/www.minutenzeiger.de\/index.php?rest_route=%2Fwp%2Fv2%2Fmedia&parent=917"}],"wp:term":[{"taxonomy":"category","embeddable":true,"href":"https:\/\/www.minutenzeiger.de\/index.php?rest_route=%2Fwp%2Fv2%2Fcategories&post=917"},{"taxonomy":"post_tag","embeddable":true,"href":"https:\/\/www.minutenzeiger.de\/index.php?rest_route=%2Fwp%2Fv2%2Ftags&post=917"}],"curies":[{"name":"wp","href":"https:\/\/api.w.org\/{rel}","templated":true}]}}