{"id":907,"date":"2025-11-18T22:56:57","date_gmt":"2025-11-18T21:56:57","guid":{"rendered":"https:\/\/www.minutenzeiger.de\/?p=907"},"modified":"2025-11-18T22:56:57","modified_gmt":"2025-11-18T21:56:57","slug":"35-milliarden-user-gesamtes-whatsapp-verzeichnis-abgeschnorchelt-heise-online","status":"publish","type":"post","link":"https:\/\/www.minutenzeiger.de\/?p=907","title":{"rendered":"3,5 Milliarden User: Gesamtes WhatsApp-Verzeichnis abgeschnorchelt | heise online"},"content":{"rendered":"<blockquote><p>Wiener Forscher haben alle WhatsApp-Nummern abgerufen. Die 3,5 Milliarden Profile sind der gr\u00f6\u00dfte Datenabfluss der Geschichte \u2013 und \u00fcbler, als man meinen w\u00fcrde.<\/p><\/blockquote>\n<p>Quelle: <em><a href=\"https:\/\/www.heise.de\/news\/3-5-Milliarden-Konten-Komplettes-Whatsapp-Verzeichnis-abgerufen-und-ausgewertet-11082660.html\">3,5 Milliarden User: Gesamtes WhatsApp-Verzeichnis abgeschnorchelt | heise online<\/a><\/em><\/p>\n","protected":false},"excerpt":{"rendered":"<p>Wiener Forscher haben alle WhatsApp-Nummern abgerufen. Die 3,5 Milliarden Profile sind der gr\u00f6\u00dfte Datenabfluss der Geschichte \u2013 und \u00fcbler, als man meinen w\u00fcrde. Quelle: 3,5 Milliarden User: Gesamtes WhatsApp-Verzeichnis abgeschnorchelt | heise online<\/p>\n","protected":false},"author":1,"featured_media":0,"comment_status":"closed","ping_status":"open","sticky":false,"template":"","format":"standard","meta":{"jetpack_post_was_ever_published":false,"_jetpack_newsletter_access":"","_jetpack_newsletter_tier_id":0},"categories":[11,6],"tags":[],"jetpack_sharing_enabled":true,"jetpack_featured_media_url":"","jetpack_shortlink":"https:\/\/wp.me\/paAhe5-eD","jetpack-related-posts":[{"id":234,"url":"https:\/\/www.minutenzeiger.de\/?p=234","url_meta":{"origin":907,"position":0},"title":"Datensch\u00fctzer: WhatsApp taugt nicht f\u00fcr Pflegedienste","author":"Gonmag","date":"26. M\u00e4rz 2015","format":false,"excerpt":"Datensch\u00fctzer: WhatsApp taugt nicht f\u00fcr Pflegedienste - heise online http:\/\/heise.de\/-2584653","rel":"","context":"In &quot;Gesellschaft&quot;","block_context":{"text":"Gesellschaft","link":"https:\/\/www.minutenzeiger.de\/?cat=3"},"img":{"alt_text":"","src":"","width":0,"height":0},"classes":[]},{"id":726,"url":"https:\/\/www.minutenzeiger.de\/?p=726","url_meta":{"origin":907,"position":1},"title":"H\u00f6hepunkt der Perseiden 2023: Sternschnuppen beobachten und fotografieren | heise online","author":"Gonmag","date":"10. August 2023","format":false,"excerpt":"Lightpollutionmap Quelle: H\u00f6hepunkt der Perseiden 2023: Sternschnuppen beobachten und fotografieren | heise online","rel":"","context":"In &quot;Allgemein&quot;","block_context":{"text":"Allgemein","link":"https:\/\/www.minutenzeiger.de\/?cat=1"},"img":{"alt_text":"","src":"","width":0,"height":0},"classes":[]},{"id":929,"url":"https:\/\/www.minutenzeiger.de\/?p=929","url_meta":{"origin":907,"position":2},"title":"Staatstrojaner-Einsatz: BGH zieht rote Linie bei Messenger-\u00dcberwachung | heise online","author":"Gonmag","date":"12. M\u00e4rz 2026","format":false,"excerpt":"Der BGH zieht eine klare rote Linie bei der \u00dcberwachung von Messengern per Quellen-TK\u00dc: Das Mitlesen alter Nachrichten ohne strenge Auflagen ist rechtswidrig. Quelle: Staatstrojaner-Einsatz: BGH zieht rote Linie bei Messenger-\u00dcberwachung | heise online","rel":"","context":"In &quot;Gesellschaft&quot;","block_context":{"text":"Gesellschaft","link":"https:\/\/www.minutenzeiger.de\/?cat=3"},"img":{"alt_text":"","src":"","width":0,"height":0},"classes":[]},{"id":932,"url":"https:\/\/www.minutenzeiger.de\/?p=932","url_meta":{"origin":907,"position":3},"title":"Medienforscherin kritisiert ein generelles Social-Media-Verbot | heise online","author":"Gonmag","date":"12. M\u00e4rz 2026","format":false,"excerpt":"Analoge Probleme lassen sich nicht mit einem digitalen Verbot beheben und die Alterskontrolle funktioniert nicht wie an der Kasse. Quelle: Medienforscherin kritisiert ein generelles Social-Media-Verbot | heise online","rel":"","context":"In &quot;AI\/KI&quot;","block_context":{"text":"AI\/KI","link":"https:\/\/www.minutenzeiger.de\/?cat=16"},"img":{"alt_text":"","src":"","width":0,"height":0},"classes":[]},{"id":608,"url":"https:\/\/www.minutenzeiger.de\/?p=608","url_meta":{"origin":907,"position":4},"title":"K\u00fcnftige KI-Modelle potenziell von Demenz bedroht | heise online","author":"Gonmag","date":"7. Juli 2023","format":false,"excerpt":"Eine neue Studie befasst sich mit der Frage, wie es sich auf K\u00fcnstliche Intelligenz auswirkt, wenn sie k\u00fcnftig st\u00e4rker anhand von KI-generierten Texten lernt. Quelle: K\u00fcnftige KI-Modelle potenziell von Demenz bedroht | heise online","rel":"","context":"In &quot;AI\/KI&quot;","block_context":{"text":"AI\/KI","link":"https:\/\/www.minutenzeiger.de\/?cat=16"},"img":{"alt_text":"","src":"","width":0,"height":0},"classes":[]},{"id":770,"url":"https:\/\/www.minutenzeiger.de\/?p=770","url_meta":{"origin":907,"position":5},"title":"KI: Warum wir gro\u00dfe Sprachmodelle nicht wie Menschen behandeln sollten | heise online","author":"Gonmag","date":"7. September 2023","format":false,"excerpt":"Angesichts der Bef\u00fcrchtungen, die mit KI einhergehen, wird es Zeit, sich zu verst\u00e4ndigen, was sie wirklich leisten kann. Das beginnt schon bei Testverfahren. Quelle: KI: Warum wir gro\u00dfe Sprachmodelle nicht wie Menschen behandeln sollten | heise online","rel":"","context":"In &quot;AI\/KI&quot;","block_context":{"text":"AI\/KI","link":"https:\/\/www.minutenzeiger.de\/?cat=16"},"img":{"alt_text":"","src":"","width":0,"height":0},"classes":[]}],"_links":{"self":[{"href":"https:\/\/www.minutenzeiger.de\/index.php?rest_route=\/wp\/v2\/posts\/907"}],"collection":[{"href":"https:\/\/www.minutenzeiger.de\/index.php?rest_route=\/wp\/v2\/posts"}],"about":[{"href":"https:\/\/www.minutenzeiger.de\/index.php?rest_route=\/wp\/v2\/types\/post"}],"author":[{"embeddable":true,"href":"https:\/\/www.minutenzeiger.de\/index.php?rest_route=\/wp\/v2\/users\/1"}],"replies":[{"embeddable":true,"href":"https:\/\/www.minutenzeiger.de\/index.php?rest_route=%2Fwp%2Fv2%2Fcomments&post=907"}],"version-history":[{"count":1,"href":"https:\/\/www.minutenzeiger.de\/index.php?rest_route=\/wp\/v2\/posts\/907\/revisions"}],"predecessor-version":[{"id":908,"href":"https:\/\/www.minutenzeiger.de\/index.php?rest_route=\/wp\/v2\/posts\/907\/revisions\/908"}],"wp:attachment":[{"href":"https:\/\/www.minutenzeiger.de\/index.php?rest_route=%2Fwp%2Fv2%2Fmedia&parent=907"}],"wp:term":[{"taxonomy":"category","embeddable":true,"href":"https:\/\/www.minutenzeiger.de\/index.php?rest_route=%2Fwp%2Fv2%2Fcategories&post=907"},{"taxonomy":"post_tag","embeddable":true,"href":"https:\/\/www.minutenzeiger.de\/index.php?rest_route=%2Fwp%2Fv2%2Ftags&post=907"}],"curies":[{"name":"wp","href":"https:\/\/api.w.org\/{rel}","templated":true}]}}