{"id":903,"date":"2025-02-12T07:02:37","date_gmt":"2025-02-12T06:02:37","guid":{"rendered":"https:\/\/www.minutenzeiger.de\/?p=903"},"modified":"2025-02-12T07:02:37","modified_gmt":"2025-02-12T06:02:37","slug":"google-calendar-removes-black-history-month-pride-and-other-cultural-events-us-news-the-guardian","status":"publish","type":"post","link":"https:\/\/www.minutenzeiger.de\/?p=903","title":{"rendered":"Google Calendar removes Black History Month, Pride and other cultural events | US news | The Guardian"},"content":{"rendered":"<blockquote><p>Company says listed holidays were not \u2018sustainable\u2019 for its model in latest move to roll back diversity efforts<\/p><\/blockquote>\n<p>Quelle: <em><a href=\"https:\/\/www.theguardian.com\/us-news\/2025\/feb\/11\/google-calendar-black-history-pride-month\">Google Calendar removes Black History Month, Pride and other cultural events | US news | The Guardian<\/a><\/em><\/p>\n","protected":false},"excerpt":{"rendered":"<p>Company says listed holidays were not \u2018sustainable\u2019 for its model in latest move to roll back diversity efforts Quelle: Google Calendar removes Black History Month, Pride and other cultural events | US news | The Guardian<\/p>\n","protected":false},"author":1,"featured_media":0,"comment_status":"closed","ping_status":"open","sticky":false,"template":"","format":"standard","meta":{"jetpack_post_was_ever_published":false,"_jetpack_newsletter_access":"","_jetpack_newsletter_tier_id":0},"categories":[1],"tags":[],"jetpack_sharing_enabled":true,"jetpack_featured_media_url":"","jetpack_shortlink":"https:\/\/wp.me\/paAhe5-ez","jetpack-related-posts":[{"id":824,"url":"https:\/\/www.minutenzeiger.de\/?p=824","url_meta":{"origin":903,"position":0},"title":"Collapse of local media leaves us all in the dark | Regional &#038; local newspapers | The Guardian","author":"Gonmag","date":"2. Februar 2024","format":false,"excerpt":"UK\u2019s dwindling oversight of local government stems from hollowing out of local news \u2013 which may have to find its own fix Quelle: Collapse of local media leaves us all in the dark | Regional & local newspapers | The Guardian","rel":"","context":"In &quot;Gesellschaft&quot;","block_context":{"text":"Gesellschaft","link":"https:\/\/www.minutenzeiger.de\/?cat=3"},"img":{"alt_text":"","src":"","width":0,"height":0},"classes":[]},{"id":911,"url":"https:\/\/www.minutenzeiger.de\/?p=911","url_meta":{"origin":903,"position":1},"title":"Ultra-processed food linked to harm in every major human organ, study finds | Ultra-processed foods | The Guardian","author":"Gonmag","date":"19. November 2025","format":false,"excerpt":"World\u2019s largest scientific review warns consumption of UPFs poses seismic threat to global health and wellbeing Quelle: Ultra-processed food linked to harm in every major human organ, study finds | Ultra-processed foods | The Guardian","rel":"","context":"In &quot;Ern\u00e4hrung&quot;","block_context":{"text":"Ern\u00e4hrung","link":"https:\/\/www.minutenzeiger.de\/?cat=13"},"img":{"alt_text":"","src":"","width":0,"height":0},"classes":[]},{"id":683,"url":"https:\/\/www.minutenzeiger.de\/?p=683","url_meta":{"origin":903,"position":2},"title":"With our food systems on the verge of collapse, it\u2019s the plutocrats v life on Earth | George Monbiot","author":"Gonmag","date":"18. Juli 2023","format":false,"excerpt":"Climate breakdown and crop losses threaten our survival, but the ultra-rich find ever more creative ways to maintain the status quo, says Guardian columnist George Monbiot Quelle: With our food systems on the verge of collapse, it\u2019s the plutocrats v life on Earth | George Monbiot","rel":"","context":"In &quot;Ern\u00e4hrung&quot;","block_context":{"text":"Ern\u00e4hrung","link":"https:\/\/www.minutenzeiger.de\/?cat=13"},"img":{"alt_text":"","src":"","width":0,"height":0},"classes":[]},{"id":184,"url":"https:\/\/www.minutenzeiger.de\/?p=184","url_meta":{"origin":903,"position":3},"title":"How the CIA made Google \u2014 Medium","author":"Gonmag","date":"2. Februar 2015","format":false,"excerpt":"https:\/\/medium.com\/@NafeezAhmed\/how-the-cia-made-google-e836451a959e","rel":"","context":"In &quot;Gesellschaft&quot;","block_context":{"text":"Gesellschaft","link":"https:\/\/www.minutenzeiger.de\/?cat=3"},"img":{"alt_text":"","src":"","width":0,"height":0},"classes":[]},{"id":332,"url":"https:\/\/www.minutenzeiger.de\/?p=332","url_meta":{"origin":903,"position":4},"title":"ZDF heute: Das Einmaleins der Spionage","author":"Gonmag","date":"27. Juli 2015","format":false,"excerpt":"Das Einmaleins der Spionage Was darf Spionage? Was ist unter befreundeten Staaten erlaubt? Dar\u00fcber gehen die Ansichten in Deutschland und den USA auseinander. Erstmals \u00e4u\u00dfert sich jetzt NSA-Direktor Rogers gegen\u00fcber dem ZDF. Eines steht fest: Das internationale Spionagegesch\u00e4ft unterscheidet nicht zwischen Freund und Feind. http:\/\/www.heute.de\/nsa-chef-rogers-zu-wikileaks-enthuellungen-das-einmaleins-der-spionage-39438410.html Laden Sie die ZDF heute\u2026","rel":"","context":"In &quot;Gesellschaft&quot;","block_context":{"text":"Gesellschaft","link":"https:\/\/www.minutenzeiger.de\/?cat=3"},"img":{"alt_text":"","src":"","width":0,"height":0},"classes":[]},{"id":248,"url":"https:\/\/www.minutenzeiger.de\/?p=248","url_meta":{"origin":903,"position":5},"title":"Streik in der Altenpflege &#8211; Das Horrorszenario &#8211; News &#8211; gulli.com","author":"Gonmag","date":"4. Mai 2015","format":false,"excerpt":"http:\/\/www.gulli.com\/news\/25966-streik-in-der-altenpflege-das-horrorszenario-2015-05-04","rel":"","context":"In &quot;Gesellschaft&quot;","block_context":{"text":"Gesellschaft","link":"https:\/\/www.minutenzeiger.de\/?cat=3"},"img":{"alt_text":"","src":"","width":0,"height":0},"classes":[]}],"_links":{"self":[{"href":"https:\/\/www.minutenzeiger.de\/index.php?rest_route=\/wp\/v2\/posts\/903"}],"collection":[{"href":"https:\/\/www.minutenzeiger.de\/index.php?rest_route=\/wp\/v2\/posts"}],"about":[{"href":"https:\/\/www.minutenzeiger.de\/index.php?rest_route=\/wp\/v2\/types\/post"}],"author":[{"embeddable":true,"href":"https:\/\/www.minutenzeiger.de\/index.php?rest_route=\/wp\/v2\/users\/1"}],"replies":[{"embeddable":true,"href":"https:\/\/www.minutenzeiger.de\/index.php?rest_route=%2Fwp%2Fv2%2Fcomments&post=903"}],"version-history":[{"count":1,"href":"https:\/\/www.minutenzeiger.de\/index.php?rest_route=\/wp\/v2\/posts\/903\/revisions"}],"predecessor-version":[{"id":904,"href":"https:\/\/www.minutenzeiger.de\/index.php?rest_route=\/wp\/v2\/posts\/903\/revisions\/904"}],"wp:attachment":[{"href":"https:\/\/www.minutenzeiger.de\/index.php?rest_route=%2Fwp%2Fv2%2Fmedia&parent=903"}],"wp:term":[{"taxonomy":"category","embeddable":true,"href":"https:\/\/www.minutenzeiger.de\/index.php?rest_route=%2Fwp%2Fv2%2Fcategories&post=903"},{"taxonomy":"post_tag","embeddable":true,"href":"https:\/\/www.minutenzeiger.de\/index.php?rest_route=%2Fwp%2Fv2%2Ftags&post=903"}],"curies":[{"name":"wp","href":"https:\/\/api.w.org\/{rel}","templated":true}]}}