{"id":86,"date":"2015-01-16T21:57:01","date_gmt":"2015-01-16T20:57:01","guid":{"rendered":"http:\/\/www.minutenzeiger.de\/?p=86"},"modified":"2015-01-16T21:57:01","modified_gmt":"2015-01-16T20:57:01","slug":"eu-kommissionspraesident-juncker-am-abgrund","status":"publish","type":"post","link":"https:\/\/www.minutenzeiger.de\/?p=86","title":{"rendered":"EU-Kommissionspr\u00e4sident Juncker am Abgrund"},"content":{"rendered":"<p>EU-Kommissionspr\u00e4sident Juncker am Abgrund &#8211; Telepolis <a href=\"http:\/\/heise.de\/-2518854\">http:\/\/heise.de\/-2518854<\/a><\/p>\n","protected":false},"excerpt":{"rendered":"<p>EU-Kommissionspr\u00e4sident Juncker am Abgrund &#8211; Telepolis http:\/\/heise.de\/-2518854<\/p>\n","protected":false},"author":1,"featured_media":0,"comment_status":"closed","ping_status":"open","sticky":false,"template":"","format":"standard","meta":{"jetpack_post_was_ever_published":false,"_jetpack_newsletter_access":"","_jetpack_newsletter_tier_id":0},"categories":[3,2],"tags":[],"jetpack_sharing_enabled":true,"jetpack_featured_media_url":"","jetpack_shortlink":"https:\/\/wp.me\/paAhe5-1o","jetpack-related-posts":[{"id":262,"url":"https:\/\/www.minutenzeiger.de\/?p=262","url_meta":{"origin":86,"position":0},"title":"Griechenland: Nach dem Referendum in den Abgrund","author":"Gonmag","date":"3. Juli 2015","format":false,"excerpt":"Griechenland: Nach dem Referendum in den Abgrund - Telepolis \/tp\/artikel\/45\/45345\/","rel":"","context":"In &quot;Gesellschaft&quot;","block_context":{"text":"Gesellschaft","link":"https:\/\/www.minutenzeiger.de\/?cat=3"},"img":{"alt_text":"","src":"","width":0,"height":0},"classes":[]},{"id":244,"url":"https:\/\/www.minutenzeiger.de\/?p=244","url_meta":{"origin":86,"position":1},"title":"Ist Demokratie mit dieser EU \u00fcberhaupt m\u00f6glich?","author":"Gonmag","date":"26. April 2015","format":false,"excerpt":"Ist Demokratie mit dieser EU \u00fcberhaupt m\u00f6glich? - Telepolis http:\/\/heise.de\/-2621230","rel":"","context":"In &quot;Gesellschaft&quot;","block_context":{"text":"Gesellschaft","link":"https:\/\/www.minutenzeiger.de\/?cat=3"},"img":{"alt_text":"","src":"","width":0,"height":0},"classes":[]},{"id":542,"url":"https:\/\/www.minutenzeiger.de\/?p=542","url_meta":{"origin":86,"position":2},"title":"Der Terror n\u00fctzt der herrschenden Elite","author":"Gonmag","date":"3. Januar 2017","format":false,"excerpt":"Der Terror n\u00fctzt der herrschenden Elite - Telepolis http:\/\/heise.de\/-3583096","rel":"","context":"In &quot;Gesellschaft&quot;","block_context":{"text":"Gesellschaft","link":"https:\/\/www.minutenzeiger.de\/?cat=3"},"img":{"alt_text":"","src":"","width":0,"height":0},"classes":[]},{"id":46,"url":"https:\/\/www.minutenzeiger.de\/?p=46","url_meta":{"origin":86,"position":3},"title":"J&#8217;ai \u00e9t\u00e9 dup\u00e9","author":"Gonmag","date":"10. Januar 2015","format":false,"excerpt":"J'ai \u00e9t\u00e9 dup\u00e9 - Telepolis http:\/\/heise.de\/-2515504","rel":"","context":"In &quot;Gesellschaft&quot;","block_context":{"text":"Gesellschaft","link":"https:\/\/www.minutenzeiger.de\/?cat=3"},"img":{"alt_text":"","src":"","width":0,"height":0},"classes":[]},{"id":26,"url":"https:\/\/www.minutenzeiger.de\/?p=26","url_meta":{"origin":86,"position":4},"title":"Das Chlorhuhn als Ablenkungsman\u00f6ver","author":"Gonmag","date":"5. Januar 2015","format":false,"excerpt":"Das Chlorhuhn als Ablenkungsman\u00f6ver - Telepolis http:\/\/heise.de\/-2508413","rel":"","context":"In &quot;Gesellschaft&quot;","block_context":{"text":"Gesellschaft","link":"https:\/\/www.minutenzeiger.de\/?cat=3"},"img":{"alt_text":"","src":"","width":0,"height":0},"classes":[]},{"id":164,"url":"https:\/\/www.minutenzeiger.de\/?p=164","url_meta":{"origin":86,"position":5},"title":"Andrea Nahles und Uber","author":"Gonmag","date":"28. Januar 2015","format":false,"excerpt":"Andrea Nahles und Uber - Telepolis http:\/\/heise.de\/-2530356","rel":"","context":"In &quot;Gesellschaft&quot;","block_context":{"text":"Gesellschaft","link":"https:\/\/www.minutenzeiger.de\/?cat=3"},"img":{"alt_text":"","src":"","width":0,"height":0},"classes":[]}],"_links":{"self":[{"href":"https:\/\/www.minutenzeiger.de\/index.php?rest_route=\/wp\/v2\/posts\/86"}],"collection":[{"href":"https:\/\/www.minutenzeiger.de\/index.php?rest_route=\/wp\/v2\/posts"}],"about":[{"href":"https:\/\/www.minutenzeiger.de\/index.php?rest_route=\/wp\/v2\/types\/post"}],"author":[{"embeddable":true,"href":"https:\/\/www.minutenzeiger.de\/index.php?rest_route=\/wp\/v2\/users\/1"}],"replies":[{"embeddable":true,"href":"https:\/\/www.minutenzeiger.de\/index.php?rest_route=%2Fwp%2Fv2%2Fcomments&post=86"}],"version-history":[{"count":1,"href":"https:\/\/www.minutenzeiger.de\/index.php?rest_route=\/wp\/v2\/posts\/86\/revisions"}],"predecessor-version":[{"id":87,"href":"https:\/\/www.minutenzeiger.de\/index.php?rest_route=\/wp\/v2\/posts\/86\/revisions\/87"}],"wp:attachment":[{"href":"https:\/\/www.minutenzeiger.de\/index.php?rest_route=%2Fwp%2Fv2%2Fmedia&parent=86"}],"wp:term":[{"taxonomy":"category","embeddable":true,"href":"https:\/\/www.minutenzeiger.de\/index.php?rest_route=%2Fwp%2Fv2%2Fcategories&post=86"},{"taxonomy":"post_tag","embeddable":true,"href":"https:\/\/www.minutenzeiger.de\/index.php?rest_route=%2Fwp%2Fv2%2Ftags&post=86"}],"curies":[{"name":"wp","href":"https:\/\/api.w.org\/{rel}","templated":true}]}}