{"id":858,"date":"2024-08-28T04:50:57","date_gmt":"2024-08-28T03:50:57","guid":{"rendered":"https:\/\/www.minutenzeiger.de\/?p=858"},"modified":"2024-08-28T04:50:57","modified_gmt":"2024-08-28T03:50:57","slug":"kann-man-transformation-lernen-im-klassenzimmer-der-zukunft","status":"publish","type":"post","link":"https:\/\/www.minutenzeiger.de\/?p=858","title":{"rendered":"Kann man Transformation lernen?: Im Klassenzimmer der Zukunft"},"content":{"rendered":"<blockquote><p>Der Lehrer Philip Elsen baut mit seinen Sch\u00fcler*innen das erste Klassenzimmer nach Kriterien der Kreislaufwirtschaft \u2013 Besuch im Raum R.55 am Berliner Beethoven-Gymnasium.<\/p><\/blockquote>\n<p>Quelle: <em><a href=\"https:\/\/taz.de\/Kann-man-Transformation-lernen\/!vn6033017\/\">Kann man Transformation lernen?: Im Klassenzimmer der Zukunft<\/a><\/em><\/p>\n","protected":false},"excerpt":{"rendered":"<p>Der Lehrer Philip Elsen baut mit seinen Sch\u00fcler*innen das erste Klassenzimmer nach Kriterien der Kreislaufwirtschaft \u2013 Besuch im Raum R.55 am Berliner Beethoven-Gymnasium. Quelle: Kann man Transformation lernen?: Im Klassenzimmer der Zukunft<\/p>\n","protected":false},"author":1,"featured_media":0,"comment_status":"closed","ping_status":"open","sticky":false,"template":"","format":"standard","meta":{"jetpack_post_was_ever_published":false,"_jetpack_newsletter_access":"","_jetpack_newsletter_tier_id":0},"categories":[21,3,18],"tags":[],"jetpack_sharing_enabled":true,"jetpack_featured_media_url":"","jetpack_shortlink":"https:\/\/wp.me\/paAhe5-dQ","jetpack-related-posts":[{"id":677,"url":"https:\/\/www.minutenzeiger.de\/?p=677","url_meta":{"origin":858,"position":0},"title":"Vorschl\u00e4ge des B\u00fcrgerrats: Der Weg zu einer gerechteren Bildung","author":"Gonmag","date":"11. Juli 2023","format":false,"excerpt":"Der bundesweite B\u00fcrgerrat Bildung und Lernen hat eine Reihe von Empfehlungen vorgestellt, wie mehr Chancengleichheit im Bildungssystem zu erreichen ist. Die zentrale Formel des Gremiums lautet: fr\u00fcher, besser und l\u00e4nger gemeinsam lernen. Von Oda Tischewski. Quelle: Vorschl\u00e4ge des B\u00fcrgerrats: Der Weg zu einer gerechteren Bildung","rel":"","context":"In &quot;Bildung&quot;","block_context":{"text":"Bildung","link":"https:\/\/www.minutenzeiger.de\/?cat=21"},"img":{"alt_text":"","src":"","width":0,"height":0},"classes":[]},{"id":730,"url":"https:\/\/www.minutenzeiger.de\/?p=730","url_meta":{"origin":858,"position":1},"title":"Lesen lernen: Was spricht f\u00fcr das Buch, was f\u00fcr den Bildschirm?","author":"Gonmag","date":"11. August 2023","format":false,"excerpt":"Digitale Medien ver\u00e4ndern, wie wir lesen \u2013 und wie Kinder in der Schule lesen lernen. Ob das nun gut ist oder schlecht, h\u00e4ngt nicht nur von der Dosis ab. Quelle: Lesen lernen: Was spricht f\u00fcr das Buch, was f\u00fcr den Bildschirm?","rel":"","context":"In &quot;Bildung&quot;","block_context":{"text":"Bildung","link":"https:\/\/www.minutenzeiger.de\/?cat=21"},"img":{"alt_text":"","src":"","width":0,"height":0},"classes":[]},{"id":502,"url":"https:\/\/www.minutenzeiger.de\/?p=502","url_meta":{"origin":858,"position":2},"title":"Fl\u00fcchtling wird Unternehmer: Der Mann mit den Stiften hat jetzt eine Zukunft &#8211; SPIEGEL ONLINE","author":"Gonmag","date":"5. Dezember 2015","format":false,"excerpt":"http:\/\/spon.de\/aeDur","rel":"","context":"In &quot;Gesellschaft&quot;","block_context":{"text":"Gesellschaft","link":"https:\/\/www.minutenzeiger.de\/?cat=3"},"img":{"alt_text":"","src":"","width":0,"height":0},"classes":[]},{"id":548,"url":"https:\/\/www.minutenzeiger.de\/?p=548","url_meta":{"origin":858,"position":3},"title":"Trump und die Zukunft des Westens","author":"Gonmag","date":"17. Februar 2017","format":false,"excerpt":"Trump und die Zukunft des Westens - Telepolis http:\/\/heise.de\/-3614465","rel":"","context":"In &quot;Gesellschaft&quot;","block_context":{"text":"Gesellschaft","link":"https:\/\/www.minutenzeiger.de\/?cat=3"},"img":{"alt_text":"","src":"","width":0,"height":0},"classes":[]},{"id":660,"url":"https:\/\/www.minutenzeiger.de\/?p=660","url_meta":{"origin":858,"position":4},"title":"Heissester Tag: Die Inflation der Rekorde im Klimawandel ergibt wenig Sinn","author":"Gonmag","date":"10. Juli 2023","format":false,"excerpt":"Fachleute verfolgen die Erderw\u00e4rmung anhand von langfristig gemittelten Messdaten. Um den Klimawandel besorgniserregend zu finden, muss man nicht auf H\u00f6chstmarken einzelner Tage schauen. Quelle: Heissester Tag: Die Inflation der Rekorde im Klimawandel ergibt wenig Sinn","rel":"","context":"In &quot;Klima&quot;","block_context":{"text":"Klima","link":"https:\/\/www.minutenzeiger.de\/?cat=17"},"img":{"alt_text":"","src":"","width":0,"height":0},"classes":[]},{"id":587,"url":"https:\/\/www.minutenzeiger.de\/?p=587","url_meta":{"origin":858,"position":5},"title":"50 Jahre AMD: Der Underdog, der richtig bei\u00dfen kann","author":"Gonmag","date":"9. Mai 2019","format":false,"excerpt":"50 Jahre AMD: Der Underdog, der richtig bei\u00dfen kann - heise online https:\/\/heise.de\/-4410898","rel":"","context":"In &quot;IT&quot;","block_context":{"text":"IT","link":"https:\/\/www.minutenzeiger.de\/?cat=11"},"img":{"alt_text":"","src":"","width":0,"height":0},"classes":[]}],"_links":{"self":[{"href":"https:\/\/www.minutenzeiger.de\/index.php?rest_route=\/wp\/v2\/posts\/858"}],"collection":[{"href":"https:\/\/www.minutenzeiger.de\/index.php?rest_route=\/wp\/v2\/posts"}],"about":[{"href":"https:\/\/www.minutenzeiger.de\/index.php?rest_route=\/wp\/v2\/types\/post"}],"author":[{"embeddable":true,"href":"https:\/\/www.minutenzeiger.de\/index.php?rest_route=\/wp\/v2\/users\/1"}],"replies":[{"embeddable":true,"href":"https:\/\/www.minutenzeiger.de\/index.php?rest_route=%2Fwp%2Fv2%2Fcomments&post=858"}],"version-history":[{"count":1,"href":"https:\/\/www.minutenzeiger.de\/index.php?rest_route=\/wp\/v2\/posts\/858\/revisions"}],"predecessor-version":[{"id":859,"href":"https:\/\/www.minutenzeiger.de\/index.php?rest_route=\/wp\/v2\/posts\/858\/revisions\/859"}],"wp:attachment":[{"href":"https:\/\/www.minutenzeiger.de\/index.php?rest_route=%2Fwp%2Fv2%2Fmedia&parent=858"}],"wp:term":[{"taxonomy":"category","embeddable":true,"href":"https:\/\/www.minutenzeiger.de\/index.php?rest_route=%2Fwp%2Fv2%2Fcategories&post=858"},{"taxonomy":"post_tag","embeddable":true,"href":"https:\/\/www.minutenzeiger.de\/index.php?rest_route=%2Fwp%2Fv2%2Ftags&post=858"}],"curies":[{"name":"wp","href":"https:\/\/api.w.org\/{rel}","templated":true}]}}