{"id":855,"date":"2024-08-20T18:37:09","date_gmt":"2024-08-20T17:37:09","guid":{"rendered":"https:\/\/www.minutenzeiger.de\/?p=855"},"modified":"2024-08-20T18:37:09","modified_gmt":"2024-08-20T17:37:09","slug":"ohrwurm-alarm-gehirn-speichert-lieder-genauer-ab-als-gedacht","status":"publish","type":"post","link":"https:\/\/www.minutenzeiger.de\/?p=855","title":{"rendered":"Ohrwurm-Alarm: Gehirn speichert Lieder genauer ab als gedacht"},"content":{"rendered":"<blockquote><p>Mehr Menschen als gedacht treffen beim Singen von Ohrw\u00fcrmern die richtige Tonart, zeigt eine Studie. Dabei spielt Talent keine entscheidende Rolle.<\/p><\/blockquote>\n<p>Quelle: <em><a href=\"https:\/\/www.heise.de\/news\/Studie-Gehirn-zeichnen-exaktes-Bild-von-Ohrwuermern-9841468.html\">Ohrwurm-Alarm: Gehirn speichert Lieder genauer ab als gedacht<\/a><\/em><\/p>\n","protected":false},"excerpt":{"rendered":"<p>Mehr Menschen als gedacht treffen beim Singen von Ohrw\u00fcrmern die richtige Tonart, zeigt eine Studie. Dabei spielt Talent keine entscheidende Rolle. Quelle: Ohrwurm-Alarm: Gehirn speichert Lieder genauer ab als gedacht<\/p>\n","protected":false},"author":1,"featured_media":0,"comment_status":"closed","ping_status":"open","sticky":false,"template":"","format":"standard","meta":{"jetpack_post_was_ever_published":false,"_jetpack_newsletter_access":"","_jetpack_newsletter_tier_id":0},"categories":[8,12],"tags":[],"jetpack_sharing_enabled":true,"jetpack_featured_media_url":"","jetpack_shortlink":"https:\/\/wp.me\/paAhe5-dN","jetpack-related-posts":[{"id":813,"url":"https:\/\/www.minutenzeiger.de\/?p=813","url_meta":{"origin":855,"position":0},"title":"Darm-Hirn-Achse: Wie der Darm unsere Psyche beeinflusst","author":"Gonmag","date":"24. Dezember 2023","format":false,"excerpt":"Um zu kommunizieren, ist der Darm mit dem Gehirn verbunden. Forscher finden immer mehr heraus, wie weitreichend diese Verbindung ist. Nicht nur steht sie im Zusammenhang mit Krankheiten, sie k\u00f6nnte auch die Basis neuer Therapien sein. Von Melina Runde. Quelle: Darm-Hirn-Achse: Wie der Darm unsere Psyche beeinflusst","rel":"","context":"In &quot;Ern\u00e4hrung&quot;","block_context":{"text":"Ern\u00e4hrung","link":"https:\/\/www.minutenzeiger.de\/?cat=13"},"img":{"alt_text":"","src":"","width":0,"height":0},"classes":[]},{"id":90,"url":"https:\/\/www.minutenzeiger.de\/?p=90","url_meta":{"origin":855,"position":1},"title":"Pegida und die German Angst: Auf Alarm geschaltet &#8211; SPIEGEL ONLINE","author":"Gonmag","date":"17. Januar 2015","format":false,"excerpt":"http:\/\/spon.de\/aepIN","rel":"","context":"In &quot;Bielefeld&quot;","block_context":{"text":"Bielefeld","link":"https:\/\/www.minutenzeiger.de\/?cat=7"},"img":{"alt_text":"","src":"","width":0,"height":0},"classes":[]},{"id":785,"url":"https:\/\/www.minutenzeiger.de\/?p=785","url_meta":{"origin":855,"position":2},"title":"Verb\u00e4nde kritisieren K\u00fcrzungen: &#8222;Dann gibt es kein soziales Netz mehr&#8220;","author":"Gonmag","date":"14. Oktober 2023","format":false,"excerpt":"Caritas und Diakonie schlagen Alarm: Der Bund will weniger Geld f\u00fcr Kinder- und Jugendhilfe, Migrations- und Schuldnerberatung ausgeben. Die Sozialverb\u00e4nde bef\u00fcrchten Risse im sozialen Netz. Von Eckhart Querner. Quelle: Verb\u00e4nde kritisieren K\u00fcrzungen: \"Dann gibt es kein soziales Netz mehr\"","rel":"","context":"In &quot;Gesellschaft&quot;","block_context":{"text":"Gesellschaft","link":"https:\/\/www.minutenzeiger.de\/?cat=3"},"img":{"alt_text":"","src":"","width":0,"height":0},"classes":[]},{"id":26,"url":"https:\/\/www.minutenzeiger.de\/?p=26","url_meta":{"origin":855,"position":3},"title":"Das Chlorhuhn als Ablenkungsman\u00f6ver","author":"Gonmag","date":"5. Januar 2015","format":false,"excerpt":"Das Chlorhuhn als Ablenkungsman\u00f6ver - Telepolis http:\/\/heise.de\/-2508413","rel":"","context":"In &quot;Gesellschaft&quot;","block_context":{"text":"Gesellschaft","link":"https:\/\/www.minutenzeiger.de\/?cat=3"},"img":{"alt_text":"","src":"","width":0,"height":0},"classes":[]},{"id":136,"url":"https:\/\/www.minutenzeiger.de\/?p=136","url_meta":{"origin":855,"position":4},"title":"Fachkr\u00e4ftemangel: Mehr Schein als Sein?","author":"Gonmag","date":"22. Januar 2015","format":false,"excerpt":"Fachkr\u00e4ftemangel: Mehr Schein als Sein? - Telepolis \/tp\/artikel\/43\/43911\/","rel":"","context":"In &quot;Gesellschaft&quot;","block_context":{"text":"Gesellschaft","link":"https:\/\/www.minutenzeiger.de\/?cat=3"},"img":{"alt_text":"","src":"","width":0,"height":0},"classes":[]},{"id":130,"url":"https:\/\/www.minutenzeiger.de\/?p=130","url_meta":{"origin":855,"position":5},"title":"&#8222;Elitenvernetzung wird als solche kaum beachtet&#8220;","author":"Gonmag","date":"20. Januar 2015","format":false,"excerpt":"\"Elitenvernetzung wird als solche kaum beachtet\" - Telepolis \/tp\/artikel\/43\/43910\/","rel":"","context":"In &quot;Gesellschaft&quot;","block_context":{"text":"Gesellschaft","link":"https:\/\/www.minutenzeiger.de\/?cat=3"},"img":{"alt_text":"","src":"","width":0,"height":0},"classes":[]}],"_links":{"self":[{"href":"https:\/\/www.minutenzeiger.de\/index.php?rest_route=\/wp\/v2\/posts\/855"}],"collection":[{"href":"https:\/\/www.minutenzeiger.de\/index.php?rest_route=\/wp\/v2\/posts"}],"about":[{"href":"https:\/\/www.minutenzeiger.de\/index.php?rest_route=\/wp\/v2\/types\/post"}],"author":[{"embeddable":true,"href":"https:\/\/www.minutenzeiger.de\/index.php?rest_route=\/wp\/v2\/users\/1"}],"replies":[{"embeddable":true,"href":"https:\/\/www.minutenzeiger.de\/index.php?rest_route=%2Fwp%2Fv2%2Fcomments&post=855"}],"version-history":[{"count":1,"href":"https:\/\/www.minutenzeiger.de\/index.php?rest_route=\/wp\/v2\/posts\/855\/revisions"}],"predecessor-version":[{"id":856,"href":"https:\/\/www.minutenzeiger.de\/index.php?rest_route=\/wp\/v2\/posts\/855\/revisions\/856"}],"wp:attachment":[{"href":"https:\/\/www.minutenzeiger.de\/index.php?rest_route=%2Fwp%2Fv2%2Fmedia&parent=855"}],"wp:term":[{"taxonomy":"category","embeddable":true,"href":"https:\/\/www.minutenzeiger.de\/index.php?rest_route=%2Fwp%2Fv2%2Fcategories&post=855"},{"taxonomy":"post_tag","embeddable":true,"href":"https:\/\/www.minutenzeiger.de\/index.php?rest_route=%2Fwp%2Fv2%2Ftags&post=855"}],"curies":[{"name":"wp","href":"https:\/\/api.w.org\/{rel}","templated":true}]}}