{"id":844,"date":"2024-05-23T10:23:44","date_gmt":"2024-05-23T09:23:44","guid":{"rendered":"https:\/\/www.minutenzeiger.de\/?p=844"},"modified":"2024-05-23T10:23:44","modified_gmt":"2024-05-23T09:23:44","slug":"petition-an-den-bundestag-fuer-ein-recht-auf-leben-ohne-digitalzwang","status":"publish","type":"post","link":"https:\/\/www.minutenzeiger.de\/?p=844","title":{"rendered":"Petition an den Bundestag f\u00fcr ein Recht auf Leben ohne Digitalzwang"},"content":{"rendered":"<blockquote><p>Am Tag des 75. Jubil\u00e4ums des Grundgesetzes hat Digitalcourage eine Petition an den Bundestag aufgelegt, das Recht auf ein Leben ohne Digitalzwang zu verankern.<\/p><\/blockquote>\n<p>Quelle: <em><a href=\"https:\/\/www.heise.de\/news\/Digitalcourage-Recht-auf-Leben-ohne-Digitalzwang-in-Grundgesetz-verankern-9729157.html\">Petition an den Bundestag f\u00fcr ein Recht auf Leben ohne Digitalzwang<\/a><\/em><\/p>\n","protected":false},"excerpt":{"rendered":"<p>Am Tag des 75. Jubil\u00e4ums des Grundgesetzes hat Digitalcourage eine Petition an den Bundestag aufgelegt, das Recht auf ein Leben ohne Digitalzwang zu verankern. Quelle: Petition an den Bundestag f\u00fcr ein Recht auf Leben ohne Digitalzwang<\/p>\n","protected":false},"author":1,"featured_media":0,"comment_status":"closed","ping_status":"open","sticky":false,"template":"","format":"standard","meta":{"jetpack_post_was_ever_published":false,"_jetpack_newsletter_access":"","_jetpack_newsletter_tier_id":0},"categories":[3,11,8,9,4],"tags":[],"jetpack_sharing_enabled":true,"jetpack_featured_media_url":"","jetpack_shortlink":"https:\/\/wp.me\/paAhe5-dC","jetpack-related-posts":[{"id":308,"url":"https:\/\/www.minutenzeiger.de\/?p=308","url_meta":{"origin":844,"position":0},"title":"Bundestag rettet Griechenland wieder einmal","author":"Gonmag","date":"17. Juli 2015","format":false,"excerpt":"Bundestag rettet Griechenland wieder einmal - Telepolis http:\/\/heise.de\/-2752606","rel":"","context":"In &quot;Gesellschaft&quot;","block_context":{"text":"Gesellschaft","link":"https:\/\/www.minutenzeiger.de\/?cat=3"},"img":{"alt_text":"","src":"","width":0,"height":0},"classes":[]},{"id":632,"url":"https:\/\/www.minutenzeiger.de\/?p=632","url_meta":{"origin":844,"position":1},"title":"Nein, Deutschland beeinflusst nicht nur 0,000028 Prozent des weltweiten CO2-Aussto\u00dfes","author":"Gonmag","date":"9. Juli 2023","format":false,"excerpt":"Die von Robert Farle, fraktionsloses Bundestag-Mitglied, aufgestellte Rechnung zum Klimawandel ist falsch. Deutschlands CO2-Anteil liegt h\u00f6her. Quelle: Nein, Deutschland beeinflusst nicht nur 0,000028 Prozent des weltweiten CO2-Aussto\u00dfes","rel":"","context":"In &quot;Klima&quot;","block_context":{"text":"Klima","link":"https:\/\/www.minutenzeiger.de\/?cat=17"},"img":{"alt_text":"","src":"","width":0,"height":0},"classes":[]},{"id":402,"url":"https:\/\/www.minutenzeiger.de\/?p=402","url_meta":{"origin":844,"position":2},"title":"Hat Carl Schmitt doch recht?","author":"Gonmag","date":"5. September 2015","format":false,"excerpt":"Hat Carl Schmitt doch recht? - Telepolis \/tp\/artikel\/45\/45775\/","rel":"","context":"In &quot;Gesellschaft&quot;","block_context":{"text":"Gesellschaft","link":"https:\/\/www.minutenzeiger.de\/?cat=3"},"img":{"alt_text":"","src":"","width":0,"height":0},"classes":[]},{"id":884,"url":"https:\/\/www.minutenzeiger.de\/?p=884","url_meta":{"origin":844,"position":3},"title":"Quantenradieren wider den Zeitstrom (Teil 1): Unergr\u00fcndliche Wege der Photonen","author":"Gonmag","date":"29. September 2024","format":false,"excerpt":"Kann der \"Delayed Choice Quantum Eraser\" in der Quantenwelt r\u00fcckwirkend Entscheidungen \u00e4ndern? Ein Blick auf den Welle-Teilchen-Dualismus hilft beim Verst\u00e4ndnis Quelle: Quantenradieren wider den Zeitstrom (Teil 1): Unergr\u00fcndliche Wege der Photonen","rel":"","context":"In &quot;Wissenschaft&quot;","block_context":{"text":"Wissenschaft","link":"https:\/\/www.minutenzeiger.de\/?cat=12"},"img":{"alt_text":"","src":"","width":0,"height":0},"classes":[]},{"id":148,"url":"https:\/\/www.minutenzeiger.de\/?p=148","url_meta":{"origin":844,"position":4},"title":"Innere Leere: Das Leben ist ein Wartesaal &#8211; SPIEGEL ONLINE","author":"Gonmag","date":"24. Januar 2015","format":false,"excerpt":"http:\/\/spon.de\/aep6G","rel":"","context":"In &quot;Gesellschaft&quot;","block_context":{"text":"Gesellschaft","link":"https:\/\/www.minutenzeiger.de\/?cat=3"},"img":{"alt_text":"","src":"","width":0,"height":0},"classes":[]},{"id":134,"url":"https:\/\/www.minutenzeiger.de\/?p=134","url_meta":{"origin":844,"position":5},"title":"Ein Spiel ohne Grenzen","author":"Gonmag","date":"22. Januar 2015","format":false,"excerpt":"Ein Spiel ohne Grenzen - Telepolis \/tp\/artikel\/43\/43937\/","rel":"","context":"In &quot;Gesellschaft&quot;","block_context":{"text":"Gesellschaft","link":"https:\/\/www.minutenzeiger.de\/?cat=3"},"img":{"alt_text":"","src":"","width":0,"height":0},"classes":[]}],"_links":{"self":[{"href":"https:\/\/www.minutenzeiger.de\/index.php?rest_route=\/wp\/v2\/posts\/844"}],"collection":[{"href":"https:\/\/www.minutenzeiger.de\/index.php?rest_route=\/wp\/v2\/posts"}],"about":[{"href":"https:\/\/www.minutenzeiger.de\/index.php?rest_route=\/wp\/v2\/types\/post"}],"author":[{"embeddable":true,"href":"https:\/\/www.minutenzeiger.de\/index.php?rest_route=\/wp\/v2\/users\/1"}],"replies":[{"embeddable":true,"href":"https:\/\/www.minutenzeiger.de\/index.php?rest_route=%2Fwp%2Fv2%2Fcomments&post=844"}],"version-history":[{"count":1,"href":"https:\/\/www.minutenzeiger.de\/index.php?rest_route=\/wp\/v2\/posts\/844\/revisions"}],"predecessor-version":[{"id":845,"href":"https:\/\/www.minutenzeiger.de\/index.php?rest_route=\/wp\/v2\/posts\/844\/revisions\/845"}],"wp:attachment":[{"href":"https:\/\/www.minutenzeiger.de\/index.php?rest_route=%2Fwp%2Fv2%2Fmedia&parent=844"}],"wp:term":[{"taxonomy":"category","embeddable":true,"href":"https:\/\/www.minutenzeiger.de\/index.php?rest_route=%2Fwp%2Fv2%2Fcategories&post=844"},{"taxonomy":"post_tag","embeddable":true,"href":"https:\/\/www.minutenzeiger.de\/index.php?rest_route=%2Fwp%2Fv2%2Ftags&post=844"}],"curies":[{"name":"wp","href":"https:\/\/api.w.org\/{rel}","templated":true}]}}