{"id":838,"date":"2024-04-06T13:15:14","date_gmt":"2024-04-06T12:15:14","guid":{"rendered":"https:\/\/www.minutenzeiger.de\/?p=838"},"modified":"2024-04-06T13:15:14","modified_gmt":"2024-04-06T12:15:14","slug":"illusion-des-fairen-lohns-leistung-allein-reicht-nicht-aus","status":"publish","type":"post","link":"https:\/\/www.minutenzeiger.de\/?p=838","title":{"rendered":"Illusion des fairen Lohns: Leistung allein reicht nicht aus"},"content":{"rendered":"<blockquote><p>Von Bankern bis M\u00fcllm\u00e4nnern: Was bestimmt den wahren Wert unserer Arbeit? Wie unser Lohnsystem bewertet. Welche Gesellschaft wollen wir?<\/p><\/blockquote>\n<p>Quelle: <em><a href=\"https:\/\/www.telepolis.de\/features\/Illusion-des-fairen-Lohns-Leistung-allein-reicht-nicht-aus-9676464.html\">Illusion des fairen Lohns: Leistung allein reicht nicht aus<\/a><\/em><\/p>\n","protected":false},"excerpt":{"rendered":"<p>Von Bankern bis M\u00fcllm\u00e4nnern: Was bestimmt den wahren Wert unserer Arbeit? Wie unser Lohnsystem bewertet. Welche Gesellschaft wollen wir? Quelle: Illusion des fairen Lohns: Leistung allein reicht nicht aus<\/p>\n","protected":false},"author":1,"featured_media":0,"comment_status":"closed","ping_status":"open","sticky":false,"template":"","format":"standard","meta":{"jetpack_post_was_ever_published":false,"_jetpack_newsletter_access":"","_jetpack_newsletter_tier_id":0},"categories":[3,10,9],"tags":[],"jetpack_sharing_enabled":true,"jetpack_featured_media_url":"","jetpack_shortlink":"https:\/\/wp.me\/paAhe5-dw","jetpack-related-posts":[{"id":638,"url":"https:\/\/www.minutenzeiger.de\/?p=638","url_meta":{"origin":838,"position":0},"title":"Ein Lichtteilchen reicht aus, um die Photosynthese zu starten","author":"Gonmag","date":"4. Juli 2023","format":false,"excerpt":"Forscher best\u00e4tigen, dass einzelne Lichtteilchen ausreichen, um Photosynthese zu starten - was wichtig f\u00fcr k\u00fcnstliche Photosynthese ist. Quelle: Ein Lichtteilchen reicht aus, um die Photosynthese zu starten Oder: https:\/\/www.nature.com\/articles\/s41586-023-06121-5","rel":"","context":"In &quot;Wissenschaft&quot;","block_context":{"text":"Wissenschaft","link":"https:\/\/www.minutenzeiger.de\/?cat=12"},"img":{"alt_text":"","src":"","width":0,"height":0},"classes":[]},{"id":920,"url":"https:\/\/www.minutenzeiger.de\/?p=920","url_meta":{"origin":838,"position":1},"title":"Wie ein Architekt aus M\u00fcnchen den Holzbau voranbringen will | taz.de","author":"Gonmag","date":"15. Dezember 2025","format":false,"excerpt":"Sein Fach k\u00fcmmere sich nicht genug darum, ob ihre Ideen auch funktionieren, \u00e4rgert sich ein M\u00fcnchner Architekt. Also organisiert er ein Experiment. Quelle: Wie ein Architekt aus M\u00fcnchen den Holzbau voranbringen will | taz.de","rel":"","context":"In &quot;Gesellschaft&quot;","block_context":{"text":"Gesellschaft","link":"https:\/\/www.minutenzeiger.de\/?cat=3"},"img":{"alt_text":"","src":"","width":0,"height":0},"classes":[]},{"id":759,"url":"https:\/\/www.minutenzeiger.de\/?p=759","url_meta":{"origin":838,"position":2},"title":"B\u00fcrgergeld und Kindergrundsicherung: Vorsicht, vergiftete Erz\u00e4hlungen! &#8211; taz.de","author":"Gonmag","date":"4. September 2023","format":false,"excerpt":"Nur sehr wenige richten sich mit einer Kombi aus Schwarzarbeit und staatlichen Hilfen ein. Die Hunderttausenden Bed\u00fcrftigen sollten daf\u00fcr nicht in Geiselhaft genommen werden. Quelle: B\u00fcrgergeld und Kindergrundsicherung: Vorsicht, vergiftete Erz\u00e4hlungen! - taz.de","rel":"","context":"In &quot;Bildung&quot;","block_context":{"text":"Bildung","link":"https:\/\/www.minutenzeiger.de\/?cat=21"},"img":{"alt_text":"","src":"","width":0,"height":0},"classes":[]},{"id":48,"url":"https:\/\/www.minutenzeiger.de\/?p=48","url_meta":{"origin":838,"position":3},"title":"Ich bin nicht Charlie!","author":"Gonmag","date":"10. Januar 2015","format":false,"excerpt":"Ich bin nicht Charlie! - Telepolis \/tp\/artikel\/43\/43814\/","rel":"","context":"In &quot;Gesellschaft&quot;","block_context":{"text":"Gesellschaft","link":"https:\/\/www.minutenzeiger.de\/?cat=3"},"img":{"alt_text":"","src":"","width":0,"height":0},"classes":[]},{"id":126,"url":"https:\/\/www.minutenzeiger.de\/?p=126","url_meta":{"origin":838,"position":4},"title":"R\u00fchr meinen D\u00fcnkel nicht an","author":"Gonmag","date":"19. Januar 2015","format":false,"excerpt":"R\u00fchr meinen D\u00fcnkel nicht an - Telepolis \/tp\/artikel\/43\/43856\/","rel":"","context":"In &quot;Gesellschaft&quot;","block_context":{"text":"Gesellschaft","link":"https:\/\/www.minutenzeiger.de\/?cat=3"},"img":{"alt_text":"","src":"","width":0,"height":0},"classes":[]},{"id":444,"url":"https:\/\/www.minutenzeiger.de\/?p=444","url_meta":{"origin":838,"position":5},"title":"Datenschutz: Polizei Sachsen nicht ganz dicht","author":"Gonmag","date":"28. September 2015","format":false,"excerpt":"Datenschutz: Polizei Sachsen nicht ganz dicht - Telepolis http:\/\/heise.de\/-2827099","rel":"","context":"In &quot;Gesellschaft&quot;","block_context":{"text":"Gesellschaft","link":"https:\/\/www.minutenzeiger.de\/?cat=3"},"img":{"alt_text":"","src":"","width":0,"height":0},"classes":[]}],"_links":{"self":[{"href":"https:\/\/www.minutenzeiger.de\/index.php?rest_route=\/wp\/v2\/posts\/838"}],"collection":[{"href":"https:\/\/www.minutenzeiger.de\/index.php?rest_route=\/wp\/v2\/posts"}],"about":[{"href":"https:\/\/www.minutenzeiger.de\/index.php?rest_route=\/wp\/v2\/types\/post"}],"author":[{"embeddable":true,"href":"https:\/\/www.minutenzeiger.de\/index.php?rest_route=\/wp\/v2\/users\/1"}],"replies":[{"embeddable":true,"href":"https:\/\/www.minutenzeiger.de\/index.php?rest_route=%2Fwp%2Fv2%2Fcomments&post=838"}],"version-history":[{"count":1,"href":"https:\/\/www.minutenzeiger.de\/index.php?rest_route=\/wp\/v2\/posts\/838\/revisions"}],"predecessor-version":[{"id":839,"href":"https:\/\/www.minutenzeiger.de\/index.php?rest_route=\/wp\/v2\/posts\/838\/revisions\/839"}],"wp:attachment":[{"href":"https:\/\/www.minutenzeiger.de\/index.php?rest_route=%2Fwp%2Fv2%2Fmedia&parent=838"}],"wp:term":[{"taxonomy":"category","embeddable":true,"href":"https:\/\/www.minutenzeiger.de\/index.php?rest_route=%2Fwp%2Fv2%2Fcategories&post=838"},{"taxonomy":"post_tag","embeddable":true,"href":"https:\/\/www.minutenzeiger.de\/index.php?rest_route=%2Fwp%2Fv2%2Ftags&post=838"}],"curies":[{"name":"wp","href":"https:\/\/api.w.org\/{rel}","templated":true}]}}