{"id":824,"date":"2024-02-02T08:25:15","date_gmt":"2024-02-02T07:25:15","guid":{"rendered":"https:\/\/www.minutenzeiger.de\/?p=824"},"modified":"2024-02-02T08:25:15","modified_gmt":"2024-02-02T07:25:15","slug":"collapse-of-local-media-leaves-us-all-in-the-dark-regional-local-newspapers-the-guardian","status":"publish","type":"post","link":"https:\/\/www.minutenzeiger.de\/?p=824","title":{"rendered":"Collapse of local media leaves us all in the dark | Regional &#038; local newspapers | The Guardian"},"content":{"rendered":"<blockquote><p>UK\u2019s dwindling oversight of local government stems from hollowing out of local news \u2013 which may have to find its own fix<\/p><\/blockquote>\n<p>Quelle: <em><a href=\"https:\/\/www.theguardian.com\/uk-news\/2024\/feb\/02\/collapse-of-local-media-leaves-us-all-in-the-dark\">Collapse of local media leaves us all in the dark | Regional &amp; local newspapers | The Guardian<\/a><\/em><\/p>\n","protected":false},"excerpt":{"rendered":"<p>UK\u2019s dwindling oversight of local government stems from hollowing out of local news \u2013 which may have to find its own fix Quelle: Collapse of local media leaves us all in the dark | Regional &amp; local newspapers | The Guardian<\/p>\n","protected":false},"author":1,"featured_media":0,"comment_status":"closed","ping_status":"open","sticky":false,"template":"","format":"standard","meta":{"jetpack_post_was_ever_published":false,"_jetpack_newsletter_access":"","_jetpack_newsletter_tier_id":0},"categories":[3,8,9],"tags":[],"jetpack_sharing_enabled":true,"jetpack_featured_media_url":"","jetpack_shortlink":"https:\/\/wp.me\/paAhe5-di","jetpack-related-posts":[{"id":683,"url":"https:\/\/www.minutenzeiger.de\/?p=683","url_meta":{"origin":824,"position":0},"title":"With our food systems on the verge of collapse, it\u2019s the plutocrats v life on Earth | George Monbiot","author":"Gonmag","date":"18. Juli 2023","format":false,"excerpt":"Climate breakdown and crop losses threaten our survival, but the ultra-rich find ever more creative ways to maintain the status quo, says Guardian columnist George Monbiot Quelle: With our food systems on the verge of collapse, it\u2019s the plutocrats v life on Earth | George Monbiot","rel":"","context":"In &quot;Ern\u00e4hrung&quot;","block_context":{"text":"Ern\u00e4hrung","link":"https:\/\/www.minutenzeiger.de\/?cat=13"},"img":{"alt_text":"","src":"","width":0,"height":0},"classes":[]},{"id":735,"url":"https:\/\/www.minutenzeiger.de\/?p=735","url_meta":{"origin":824,"position":1},"title":"Collapse 2.0 &#8211; TomDispatch.com","author":"Gonmag","date":"24. August 2023","format":false,"excerpt":"In his 2005 bestseller Collapse: How Societies Choose to Fail or Succeed, geographer Jared Diamond focused on past civilizations that confronted severe climate shocks, either adapting and surviving or failing to adapt and disintegrating. Among Quelle: Collapse 2.0 - TomDispatch.com","rel":"","context":"In &quot;Gesellschaft&quot;","block_context":{"text":"Gesellschaft","link":"https:\/\/www.minutenzeiger.de\/?cat=3"},"img":{"alt_text":"","src":"","width":0,"height":0},"classes":[]},{"id":903,"url":"https:\/\/www.minutenzeiger.de\/?p=903","url_meta":{"origin":824,"position":2},"title":"Google Calendar removes Black History Month, Pride and other cultural events | US news | The Guardian","author":"Gonmag","date":"12. Februar 2025","format":false,"excerpt":"Company says listed holidays were not \u2018sustainable\u2019 for its model in latest move to roll back diversity efforts Quelle: Google Calendar removes Black History Month, Pride and other cultural events | US news | The Guardian","rel":"","context":"In &quot;Allgemein&quot;","block_context":{"text":"Allgemein","link":"https:\/\/www.minutenzeiger.de\/?cat=1"},"img":{"alt_text":"","src":"","width":0,"height":0},"classes":[]},{"id":911,"url":"https:\/\/www.minutenzeiger.de\/?p=911","url_meta":{"origin":824,"position":3},"title":"Ultra-processed food linked to harm in every major human organ, study finds | Ultra-processed foods | The Guardian","author":"Gonmag","date":"19. November 2025","format":false,"excerpt":"World\u2019s largest scientific review warns consumption of UPFs poses seismic threat to global health and wellbeing Quelle: Ultra-processed food linked to harm in every major human organ, study finds | Ultra-processed foods | The Guardian","rel":"","context":"In &quot;Ern\u00e4hrung&quot;","block_context":{"text":"Ern\u00e4hrung","link":"https:\/\/www.minutenzeiger.de\/?cat=13"},"img":{"alt_text":"","src":"","width":0,"height":0},"classes":[]},{"id":749,"url":"https:\/\/www.minutenzeiger.de\/?p=749","url_meta":{"origin":824,"position":4},"title":"A disturbing AI phenomenon could completely upend the internet as we know it","author":"Gonmag","date":"4. September 2023","format":false,"excerpt":"Researchers are worried that the deluge of AI content on the internet could throw is into the \"dark ages of public information.\" Quelle: A disturbing AI phenomenon could completely upend the internet as we know it","rel":"","context":"In &quot;AI\/KI&quot;","block_context":{"text":"AI\/KI","link":"https:\/\/www.minutenzeiger.de\/?cat=16"},"img":{"alt_text":"","src":"","width":0,"height":0},"classes":[]},{"id":881,"url":"https:\/\/www.minutenzeiger.de\/?p=881","url_meta":{"origin":824,"position":5},"title":"FTC-Bericht: Massen\u00fcberwachung durch Online-Plattformen ist au\u00dfer Kontrolle","author":"Gonmag","date":"28. September 2024","format":false,"excerpt":"Die US-Handelsaufsicht moniert, dass gro\u00dfe Social-Media- und Streaming-Portale ihre Nutzer in gro\u00dfem Umfang ausspionieren und dabei auf den Datenschutz pfeifen. Quelle: FTC-Bericht: Massen\u00fcberwachung durch Online-Plattformen ist au\u00dfer Kontrolle","rel":"","context":"In &quot;AI\/KI&quot;","block_context":{"text":"AI\/KI","link":"https:\/\/www.minutenzeiger.de\/?cat=16"},"img":{"alt_text":"","src":"","width":0,"height":0},"classes":[]}],"_links":{"self":[{"href":"https:\/\/www.minutenzeiger.de\/index.php?rest_route=\/wp\/v2\/posts\/824"}],"collection":[{"href":"https:\/\/www.minutenzeiger.de\/index.php?rest_route=\/wp\/v2\/posts"}],"about":[{"href":"https:\/\/www.minutenzeiger.de\/index.php?rest_route=\/wp\/v2\/types\/post"}],"author":[{"embeddable":true,"href":"https:\/\/www.minutenzeiger.de\/index.php?rest_route=\/wp\/v2\/users\/1"}],"replies":[{"embeddable":true,"href":"https:\/\/www.minutenzeiger.de\/index.php?rest_route=%2Fwp%2Fv2%2Fcomments&post=824"}],"version-history":[{"count":1,"href":"https:\/\/www.minutenzeiger.de\/index.php?rest_route=\/wp\/v2\/posts\/824\/revisions"}],"predecessor-version":[{"id":825,"href":"https:\/\/www.minutenzeiger.de\/index.php?rest_route=\/wp\/v2\/posts\/824\/revisions\/825"}],"wp:attachment":[{"href":"https:\/\/www.minutenzeiger.de\/index.php?rest_route=%2Fwp%2Fv2%2Fmedia&parent=824"}],"wp:term":[{"taxonomy":"category","embeddable":true,"href":"https:\/\/www.minutenzeiger.de\/index.php?rest_route=%2Fwp%2Fv2%2Fcategories&post=824"},{"taxonomy":"post_tag","embeddable":true,"href":"https:\/\/www.minutenzeiger.de\/index.php?rest_route=%2Fwp%2Fv2%2Ftags&post=824"}],"curies":[{"name":"wp","href":"https:\/\/api.w.org\/{rel}","templated":true}]}}