{"id":813,"date":"2023-12-24T10:15:21","date_gmt":"2023-12-24T09:15:21","guid":{"rendered":"https:\/\/www.minutenzeiger.de\/?p=813"},"modified":"2023-12-24T10:15:21","modified_gmt":"2023-12-24T09:15:21","slug":"darm-hirn-achse-wie-der-darm-unsere-psyche-beeinflusst","status":"publish","type":"post","link":"https:\/\/www.minutenzeiger.de\/?p=813","title":{"rendered":"Darm-Hirn-Achse: Wie der Darm unsere Psyche beeinflusst"},"content":{"rendered":"<blockquote><p>Um zu kommunizieren, ist der Darm mit dem Gehirn verbunden. Forscher finden immer mehr heraus, wie weitreichend diese Verbindung ist. Nicht nur steht sie im Zusammenhang mit Krankheiten, sie k\u00f6nnte auch die Basis neuer Therapien sein. Von Melina Runde.<\/p><\/blockquote>\n<p>Quelle: <em><a href=\"https:\/\/www.tagesschau.de\/wissen\/gesundheit\/darm-hirn-achse-100.html\">Darm-Hirn-Achse: Wie der Darm unsere Psyche beeinflusst<\/a><\/em><\/p>\n","protected":false},"excerpt":{"rendered":"<p>Um zu kommunizieren, ist der Darm mit dem Gehirn verbunden. Forscher finden immer mehr heraus, wie weitreichend diese Verbindung ist. Nicht nur steht sie im Zusammenhang mit Krankheiten, sie k\u00f6nnte auch die Basis neuer Therapien sein. Von Melina Runde. Quelle: Darm-Hirn-Achse: Wie der Darm unsere Psyche beeinflusst<\/p>\n","protected":false},"author":1,"featured_media":0,"comment_status":"closed","ping_status":"open","sticky":false,"template":"","format":"standard","meta":{"jetpack_post_was_ever_published":false,"_jetpack_newsletter_access":"","_jetpack_newsletter_tier_id":0},"categories":[13,10,19],"tags":[],"jetpack_sharing_enabled":true,"jetpack_featured_media_url":"","jetpack_shortlink":"https:\/\/wp.me\/paAhe5-d7","jetpack-related-posts":[{"id":632,"url":"https:\/\/www.minutenzeiger.de\/?p=632","url_meta":{"origin":813,"position":0},"title":"Nein, Deutschland beeinflusst nicht nur 0,000028 Prozent des weltweiten CO2-Aussto\u00dfes","author":"Gonmag","date":"9. Juli 2023","format":false,"excerpt":"Die von Robert Farle, fraktionsloses Bundestag-Mitglied, aufgestellte Rechnung zum Klimawandel ist falsch. Deutschlands CO2-Anteil liegt h\u00f6her. Quelle: Nein, Deutschland beeinflusst nicht nur 0,000028 Prozent des weltweiten CO2-Aussto\u00dfes","rel":"","context":"In &quot;Klima&quot;","block_context":{"text":"Klima","link":"https:\/\/www.minutenzeiger.de\/?cat=17"},"img":{"alt_text":"","src":"","width":0,"height":0},"classes":[]},{"id":733,"url":"https:\/\/www.minutenzeiger.de\/?p=733","url_meta":{"origin":813,"position":1},"title":"KI: Wie Klickarbeiter in Kenia ausgebeutet werden","author":"Gonmag","date":"24. August 2023","format":false,"excerpt":"Klickarbeiter sind die Trainer der K\u00fcnstlichen Intelligenz. Sie sitzen in Kenia oder Kolumbien und bringen Maschinen das Wissen \u00fcber die Welt bei. Doch die Arbeit ist prek\u00e4r. Besch\u00e4ftigte berichten von Ausbeutung, Perspektivlosigkeit und digitaler \u00dcberwachung. Von Christian Kretschmer. Quelle: KI: Wie Klickarbeiter in Kenia ausgebeutet werden","rel":"","context":"In &quot;AI\/KI&quot;","block_context":{"text":"AI\/KI","link":"https:\/\/www.minutenzeiger.de\/?cat=16"},"img":{"alt_text":"","src":"","width":0,"height":0},"classes":[]},{"id":770,"url":"https:\/\/www.minutenzeiger.de\/?p=770","url_meta":{"origin":813,"position":2},"title":"KI: Warum wir gro\u00dfe Sprachmodelle nicht wie Menschen behandeln sollten | heise online","author":"Gonmag","date":"7. September 2023","format":false,"excerpt":"Angesichts der Bef\u00fcrchtungen, die mit KI einhergehen, wird es Zeit, sich zu verst\u00e4ndigen, was sie wirklich leisten kann. Das beginnt schon bei Testverfahren. Quelle: KI: Warum wir gro\u00dfe Sprachmodelle nicht wie Menschen behandeln sollten | heise online","rel":"","context":"In &quot;AI\/KI&quot;","block_context":{"text":"AI\/KI","link":"https:\/\/www.minutenzeiger.de\/?cat=16"},"img":{"alt_text":"","src":"","width":0,"height":0},"classes":[]},{"id":889,"url":"https:\/\/www.minutenzeiger.de\/?p=889","url_meta":{"origin":813,"position":3},"title":"Frankreich: Wie die Belegschaft Duralex rettete","author":"Gonmag","date":"13. Oktober 2024","format":false,"excerpt":"Die Gl\u00e4ser der Firma Duralex kennt wohl jeder Bistro-Besucher in Frankreich. Dennoch geriet das Traditionsunternehmen in massive Probleme. Nun geh\u00f6rt Duralex der Belegschaft. Wie geht sie damit um? Von F. Hofmann. Quelle: Frankreich: Wie die Belegschaft Duralex rettete","rel":"","context":"In &quot;Gesellschaft&quot;","block_context":{"text":"Gesellschaft","link":"https:\/\/www.minutenzeiger.de\/?cat=3"},"img":{"alt_text":"","src":"","width":0,"height":0},"classes":[]},{"id":608,"url":"https:\/\/www.minutenzeiger.de\/?p=608","url_meta":{"origin":813,"position":4},"title":"K\u00fcnftige KI-Modelle potenziell von Demenz bedroht | heise online","author":"Gonmag","date":"7. Juli 2023","format":false,"excerpt":"Eine neue Studie befasst sich mit der Frage, wie es sich auf K\u00fcnstliche Intelligenz auswirkt, wenn sie k\u00fcnftig st\u00e4rker anhand von KI-generierten Texten lernt. Quelle: K\u00fcnftige KI-Modelle potenziell von Demenz bedroht | heise online","rel":"","context":"In &quot;AI\/KI&quot;","block_context":{"text":"AI\/KI","link":"https:\/\/www.minutenzeiger.de\/?cat=16"},"img":{"alt_text":"","src":"","width":0,"height":0},"classes":[]},{"id":730,"url":"https:\/\/www.minutenzeiger.de\/?p=730","url_meta":{"origin":813,"position":5},"title":"Lesen lernen: Was spricht f\u00fcr das Buch, was f\u00fcr den Bildschirm?","author":"Gonmag","date":"11. August 2023","format":false,"excerpt":"Digitale Medien ver\u00e4ndern, wie wir lesen \u2013 und wie Kinder in der Schule lesen lernen. Ob das nun gut ist oder schlecht, h\u00e4ngt nicht nur von der Dosis ab. Quelle: Lesen lernen: Was spricht f\u00fcr das Buch, was f\u00fcr den Bildschirm?","rel":"","context":"In &quot;Bildung&quot;","block_context":{"text":"Bildung","link":"https:\/\/www.minutenzeiger.de\/?cat=21"},"img":{"alt_text":"","src":"","width":0,"height":0},"classes":[]}],"_links":{"self":[{"href":"https:\/\/www.minutenzeiger.de\/index.php?rest_route=\/wp\/v2\/posts\/813"}],"collection":[{"href":"https:\/\/www.minutenzeiger.de\/index.php?rest_route=\/wp\/v2\/posts"}],"about":[{"href":"https:\/\/www.minutenzeiger.de\/index.php?rest_route=\/wp\/v2\/types\/post"}],"author":[{"embeddable":true,"href":"https:\/\/www.minutenzeiger.de\/index.php?rest_route=\/wp\/v2\/users\/1"}],"replies":[{"embeddable":true,"href":"https:\/\/www.minutenzeiger.de\/index.php?rest_route=%2Fwp%2Fv2%2Fcomments&post=813"}],"version-history":[{"count":1,"href":"https:\/\/www.minutenzeiger.de\/index.php?rest_route=\/wp\/v2\/posts\/813\/revisions"}],"predecessor-version":[{"id":814,"href":"https:\/\/www.minutenzeiger.de\/index.php?rest_route=\/wp\/v2\/posts\/813\/revisions\/814"}],"wp:attachment":[{"href":"https:\/\/www.minutenzeiger.de\/index.php?rest_route=%2Fwp%2Fv2%2Fmedia&parent=813"}],"wp:term":[{"taxonomy":"category","embeddable":true,"href":"https:\/\/www.minutenzeiger.de\/index.php?rest_route=%2Fwp%2Fv2%2Fcategories&post=813"},{"taxonomy":"post_tag","embeddable":true,"href":"https:\/\/www.minutenzeiger.de\/index.php?rest_route=%2Fwp%2Fv2%2Ftags&post=813"}],"curies":[{"name":"wp","href":"https:\/\/api.w.org\/{rel}","templated":true}]}}