{"id":810,"date":"2023-12-15T15:21:55","date_gmt":"2023-12-15T14:21:55","guid":{"rendered":"https:\/\/www.minutenzeiger.de\/?p=810"},"modified":"2023-12-15T15:21:55","modified_gmt":"2023-12-15T14:21:55","slug":"studie-zufriedener-dank-30-minuten-weniger-social-media-taeglich","status":"publish","type":"post","link":"https:\/\/www.minutenzeiger.de\/?p=810","title":{"rendered":"Studie: Zufriedener dank 30 Minuten weniger Social Media t\u00e4glich"},"content":{"rendered":"<blockquote><p>Wer die Social-Media-Nutzung um eine halbe Stunde t\u00e4glich reduziert, ist zufriedener und engagierter im Job. Auch depressive Symptome k\u00f6nnen verringert werden, zeigt eine aktuelle Studie.<\/p><\/blockquote>\n<p>Quelle: <em><a href=\"https:\/\/www.tagesschau.de\/wirtschaft\/verbraucher\/social-media-job-zufriedenheit-depression-zeit-begrenzen-100.html\">Studie: Zufriedener dank 30 Minuten weniger Social Media t\u00e4glich<\/a><\/em><\/p>\n","protected":false},"excerpt":{"rendered":"<p>Wer die Social-Media-Nutzung um eine halbe Stunde t\u00e4glich reduziert, ist zufriedener und engagierter im Job. Auch depressive Symptome k\u00f6nnen verringert werden, zeigt eine aktuelle Studie. Quelle: Studie: Zufriedener dank 30 Minuten weniger Social Media t\u00e4glich<\/p>\n","protected":false},"author":1,"featured_media":0,"comment_status":"closed","ping_status":"open","sticky":false,"template":"","format":"standard","meta":{"jetpack_post_was_ever_published":false,"_jetpack_newsletter_access":"","_jetpack_newsletter_tier_id":0},"categories":[3,10,11,8,19],"tags":[],"jetpack_sharing_enabled":true,"jetpack_featured_media_url":"","jetpack_shortlink":"https:\/\/wp.me\/paAhe5-d4","jetpack-related-posts":[{"id":560,"url":"https:\/\/www.minutenzeiger.de\/?p=560","url_meta":{"origin":810,"position":0},"title":"Studie: Selbst ausgeschaltete Smartphones reduzieren Denkverm\u00f6gen","author":"Gonmag","date":"28. Juni 2017","format":false,"excerpt":"Studie: Selbst ausgeschaltete Smartphones reduzieren Denkverm\u00f6gen - iX https:\/\/heise.de\/-3756344","rel":"","context":"In &quot;Gesellschaft&quot;","block_context":{"text":"Gesellschaft","link":"https:\/\/www.minutenzeiger.de\/?cat=3"},"img":{"alt_text":"","src":"","width":0,"height":0},"classes":[]},{"id":582,"url":"https:\/\/www.minutenzeiger.de\/?p=582","url_meta":{"origin":810,"position":1},"title":"Aufgedr\u00f6selt: ICCT-Studie zu Abgastoten","author":"Gonmag","date":"6. M\u00e4rz 2019","format":false,"excerpt":"Aufgedr\u00f6selt: ICCT-Studie zu Abgastoten - Autos https:\/\/heise.de\/-4325531","rel":"","context":"In &quot;Ern\u00e4hrung&quot;","block_context":{"text":"Ern\u00e4hrung","link":"https:\/\/www.minutenzeiger.de\/?cat=13"},"img":{"alt_text":"","src":"","width":0,"height":0},"classes":[]},{"id":76,"url":"https:\/\/www.minutenzeiger.de\/?p=76","url_meta":{"origin":810,"position":2},"title":"Greenpeace\/F\u00d6S-Studie: Erneuerbare Energien sind kosteng\u00fcnstiger","author":"Gonmag","date":"15. Januar 2015","format":false,"excerpt":"Greenpeace\/F\u00d6S-Studie: Erneuerbare Energien sind kosteng\u00fcnstiger - Telepolis \/tp\/artikel\/43\/43870\/","rel":"","context":"In &quot;Gesellschaft&quot;","block_context":{"text":"Gesellschaft","link":"https:\/\/www.minutenzeiger.de\/?cat=3"},"img":{"alt_text":"","src":"","width":0,"height":0},"classes":[]},{"id":855,"url":"https:\/\/www.minutenzeiger.de\/?p=855","url_meta":{"origin":810,"position":3},"title":"Ohrwurm-Alarm: Gehirn speichert Lieder genauer ab als gedacht","author":"Gonmag","date":"20. August 2024","format":false,"excerpt":"Mehr Menschen als gedacht treffen beim Singen von Ohrw\u00fcrmern die richtige Tonart, zeigt eine Studie. Dabei spielt Talent keine entscheidende Rolle. Quelle: Ohrwurm-Alarm: Gehirn speichert Lieder genauer ab als gedacht","rel":"","context":"In &quot;Medien&quot;","block_context":{"text":"Medien","link":"https:\/\/www.minutenzeiger.de\/?cat=8"},"img":{"alt_text":"","src":"","width":0,"height":0},"classes":[]},{"id":700,"url":"https:\/\/www.minutenzeiger.de\/?p=700","url_meta":{"origin":810,"position":4},"title":"Im Blindflug in die Abh\u00e4ngigkeit: Was wir \u00fcber KI ausblenden | Telepolis","author":"Gonmag","date":"25. Juli 2023","format":false,"excerpt":"Eine neue Studie untersucht mit K\u00fcnstlicher Intelligenz, wie wir mit KI umgehen. Was dabei herauskommt, ist verbl\u00fcffend. Ein Land verliert dabei den Anschluss. Quelle: Im Blindflug in die Abh\u00e4ngigkeit: Was wir \u00fcber KI ausblenden | Telepolis","rel":"","context":"In &quot;AI\/KI&quot;","block_context":{"text":"AI\/KI","link":"https:\/\/www.minutenzeiger.de\/?cat=16"},"img":{"alt_text":"","src":"","width":0,"height":0},"classes":[]},{"id":608,"url":"https:\/\/www.minutenzeiger.de\/?p=608","url_meta":{"origin":810,"position":5},"title":"K\u00fcnftige KI-Modelle potenziell von Demenz bedroht | heise online","author":"Gonmag","date":"7. Juli 2023","format":false,"excerpt":"Eine neue Studie befasst sich mit der Frage, wie es sich auf K\u00fcnstliche Intelligenz auswirkt, wenn sie k\u00fcnftig st\u00e4rker anhand von KI-generierten Texten lernt. Quelle: K\u00fcnftige KI-Modelle potenziell von Demenz bedroht | heise online","rel":"","context":"In &quot;AI\/KI&quot;","block_context":{"text":"AI\/KI","link":"https:\/\/www.minutenzeiger.de\/?cat=16"},"img":{"alt_text":"","src":"","width":0,"height":0},"classes":[]}],"_links":{"self":[{"href":"https:\/\/www.minutenzeiger.de\/index.php?rest_route=\/wp\/v2\/posts\/810"}],"collection":[{"href":"https:\/\/www.minutenzeiger.de\/index.php?rest_route=\/wp\/v2\/posts"}],"about":[{"href":"https:\/\/www.minutenzeiger.de\/index.php?rest_route=\/wp\/v2\/types\/post"}],"author":[{"embeddable":true,"href":"https:\/\/www.minutenzeiger.de\/index.php?rest_route=\/wp\/v2\/users\/1"}],"replies":[{"embeddable":true,"href":"https:\/\/www.minutenzeiger.de\/index.php?rest_route=%2Fwp%2Fv2%2Fcomments&post=810"}],"version-history":[{"count":1,"href":"https:\/\/www.minutenzeiger.de\/index.php?rest_route=\/wp\/v2\/posts\/810\/revisions"}],"predecessor-version":[{"id":811,"href":"https:\/\/www.minutenzeiger.de\/index.php?rest_route=\/wp\/v2\/posts\/810\/revisions\/811"}],"wp:attachment":[{"href":"https:\/\/www.minutenzeiger.de\/index.php?rest_route=%2Fwp%2Fv2%2Fmedia&parent=810"}],"wp:term":[{"taxonomy":"category","embeddable":true,"href":"https:\/\/www.minutenzeiger.de\/index.php?rest_route=%2Fwp%2Fv2%2Fcategories&post=810"},{"taxonomy":"post_tag","embeddable":true,"href":"https:\/\/www.minutenzeiger.de\/index.php?rest_route=%2Fwp%2Fv2%2Ftags&post=810"}],"curies":[{"name":"wp","href":"https:\/\/api.w.org\/{rel}","templated":true}]}}