{"id":807,"date":"2023-12-05T08:22:59","date_gmt":"2023-12-05T07:22:59","guid":{"rendered":"https:\/\/www.minutenzeiger.de\/?p=807"},"modified":"2023-12-05T08:22:59","modified_gmt":"2023-12-05T07:22:59","slug":"aeltere-am-steuer-wie-haeufig-verursachen-senioren-unfaelle-im-strassenverkehr","status":"publish","type":"post","link":"https:\/\/www.minutenzeiger.de\/?p=807","title":{"rendered":"\u00c4ltere am Steuer: Wie h\u00e4ufig verursachen Senioren Unf\u00e4lle im Stra\u00dfenverkehr?"},"content":{"rendered":"<blockquote><p>Die Europ\u00e4ische Kommission hat vorgeschlagen, die Fahrtauglichkeit \u00e4lterer Autofahrer regelm\u00e4\u00dfig zu \u00fcberpr\u00fcfen. Was sagt die Statistik \u00fcber das Risiko von Seniorinnen und Senioren hinter dem Lenkrad?<\/p><\/blockquote>\n<p>Quelle: <em><a href=\"https:\/\/www.rnd.de\/politik\/fuehrerschein-im-alter-wie-haeufig-verursachen-senioren-unfaelle-im-strassenverkehr-ISLPO442UNER7NBAEZSJI33QP4.html\">\u00c4ltere am Steuer: Wie h\u00e4ufig verursachen Senioren Unf\u00e4lle im Stra\u00dfenverkehr?<\/a><\/em><\/p>\n","protected":false},"excerpt":{"rendered":"<p>Die Europ\u00e4ische Kommission hat vorgeschlagen, die Fahrtauglichkeit \u00e4lterer Autofahrer regelm\u00e4\u00dfig zu \u00fcberpr\u00fcfen. Was sagt die Statistik \u00fcber das Risiko von Seniorinnen und Senioren hinter dem Lenkrad? Quelle: \u00c4ltere am Steuer: Wie h\u00e4ufig verursachen Senioren Unf\u00e4lle im Stra\u00dfenverkehr?<\/p>\n","protected":false},"author":1,"featured_media":0,"comment_status":"closed","ping_status":"open","sticky":false,"template":"","format":"standard","meta":{"jetpack_post_was_ever_published":false,"_jetpack_newsletter_access":"","_jetpack_newsletter_tier_id":0},"categories":[3,10,9],"tags":[],"jetpack_sharing_enabled":true,"jetpack_featured_media_url":"","jetpack_shortlink":"https:\/\/wp.me\/paAhe5-d1","jetpack-related-posts":[{"id":629,"url":"https:\/\/www.minutenzeiger.de\/?p=629","url_meta":{"origin":807,"position":0},"title":"&#8222;Moms for Liberty&#8220;: Neue extreme Stimme im US-Kulturkampf","author":"Gonmag","date":"8. Juli 2023","format":false,"excerpt":"Die \"M\u00fctter f\u00fcr die Freiheit\" haben sich zur wichtigen Kraft bei den US-Republikanern entwickelt. Sie wollen die, wie sie meinen, Indoktrinierung durch Liberale verhindern. Kritiker sehen sie als rechtsextremistische Hassgruppe. Von K. Brand. Quelle: \"Moms for Liberty\": Neue extreme Stimme im US-Kulturkampf","rel":"","context":"In &quot;Gesellschaft&quot;","block_context":{"text":"Gesellschaft","link":"https:\/\/www.minutenzeiger.de\/?cat=3"},"img":{"alt_text":"","src":"","width":0,"height":0},"classes":[]},{"id":700,"url":"https:\/\/www.minutenzeiger.de\/?p=700","url_meta":{"origin":807,"position":1},"title":"Im Blindflug in die Abh\u00e4ngigkeit: Was wir \u00fcber KI ausblenden | Telepolis","author":"Gonmag","date":"25. Juli 2023","format":false,"excerpt":"Eine neue Studie untersucht mit K\u00fcnstlicher Intelligenz, wie wir mit KI umgehen. Was dabei herauskommt, ist verbl\u00fcffend. Ein Land verliert dabei den Anschluss. Quelle: Im Blindflug in die Abh\u00e4ngigkeit: Was wir \u00fcber KI ausblenden | Telepolis","rel":"","context":"In &quot;AI\/KI&quot;","block_context":{"text":"AI\/KI","link":"https:\/\/www.minutenzeiger.de\/?cat=16"},"img":{"alt_text":"","src":"","width":0,"height":0},"classes":[]},{"id":892,"url":"https:\/\/www.minutenzeiger.de\/?p=892","url_meta":{"origin":807,"position":2},"title":"60 Jahre CED: Wie Bildplatten einen Weltkonzern ruinierten\u200b","author":"Gonmag","date":"19. Oktober 2024","format":false,"excerpt":"Im Streaming-Zeitalter bezweifeln viele Nutzer den Sinn physischer Unterhaltungsmedien. Aber die waren nicht der Grund der spektakul\u00e4ren RCA-Pleite.\u200b Quelle: 60 Jahre CED: Wie Bildplatten einen Weltkonzern ruinierten\u200b","rel":"","context":"In &quot;IT&quot;","block_context":{"text":"IT","link":"https:\/\/www.minutenzeiger.de\/?cat=11"},"img":{"alt_text":"","src":"","width":0,"height":0},"classes":[]},{"id":813,"url":"https:\/\/www.minutenzeiger.de\/?p=813","url_meta":{"origin":807,"position":3},"title":"Darm-Hirn-Achse: Wie der Darm unsere Psyche beeinflusst","author":"Gonmag","date":"24. Dezember 2023","format":false,"excerpt":"Um zu kommunizieren, ist der Darm mit dem Gehirn verbunden. Forscher finden immer mehr heraus, wie weitreichend diese Verbindung ist. Nicht nur steht sie im Zusammenhang mit Krankheiten, sie k\u00f6nnte auch die Basis neuer Therapien sein. Von Melina Runde. Quelle: Darm-Hirn-Achse: Wie der Darm unsere Psyche beeinflusst","rel":"","context":"In &quot;Ern\u00e4hrung&quot;","block_context":{"text":"Ern\u00e4hrung","link":"https:\/\/www.minutenzeiger.de\/?cat=13"},"img":{"alt_text":"","src":"","width":0,"height":0},"classes":[]},{"id":677,"url":"https:\/\/www.minutenzeiger.de\/?p=677","url_meta":{"origin":807,"position":4},"title":"Vorschl\u00e4ge des B\u00fcrgerrats: Der Weg zu einer gerechteren Bildung","author":"Gonmag","date":"11. Juli 2023","format":false,"excerpt":"Der bundesweite B\u00fcrgerrat Bildung und Lernen hat eine Reihe von Empfehlungen vorgestellt, wie mehr Chancengleichheit im Bildungssystem zu erreichen ist. Die zentrale Formel des Gremiums lautet: fr\u00fcher, besser und l\u00e4nger gemeinsam lernen. Von Oda Tischewski. Quelle: Vorschl\u00e4ge des B\u00fcrgerrats: Der Weg zu einer gerechteren Bildung","rel":"","context":"In &quot;Bildung&quot;","block_context":{"text":"Bildung","link":"https:\/\/www.minutenzeiger.de\/?cat=21"},"img":{"alt_text":"","src":"","width":0,"height":0},"classes":[]},{"id":889,"url":"https:\/\/www.minutenzeiger.de\/?p=889","url_meta":{"origin":807,"position":5},"title":"Frankreich: Wie die Belegschaft Duralex rettete","author":"Gonmag","date":"13. Oktober 2024","format":false,"excerpt":"Die Gl\u00e4ser der Firma Duralex kennt wohl jeder Bistro-Besucher in Frankreich. Dennoch geriet das Traditionsunternehmen in massive Probleme. Nun geh\u00f6rt Duralex der Belegschaft. Wie geht sie damit um? Von F. Hofmann. Quelle: Frankreich: Wie die Belegschaft Duralex rettete","rel":"","context":"In &quot;Gesellschaft&quot;","block_context":{"text":"Gesellschaft","link":"https:\/\/www.minutenzeiger.de\/?cat=3"},"img":{"alt_text":"","src":"","width":0,"height":0},"classes":[]}],"_links":{"self":[{"href":"https:\/\/www.minutenzeiger.de\/index.php?rest_route=\/wp\/v2\/posts\/807"}],"collection":[{"href":"https:\/\/www.minutenzeiger.de\/index.php?rest_route=\/wp\/v2\/posts"}],"about":[{"href":"https:\/\/www.minutenzeiger.de\/index.php?rest_route=\/wp\/v2\/types\/post"}],"author":[{"embeddable":true,"href":"https:\/\/www.minutenzeiger.de\/index.php?rest_route=\/wp\/v2\/users\/1"}],"replies":[{"embeddable":true,"href":"https:\/\/www.minutenzeiger.de\/index.php?rest_route=%2Fwp%2Fv2%2Fcomments&post=807"}],"version-history":[{"count":1,"href":"https:\/\/www.minutenzeiger.de\/index.php?rest_route=\/wp\/v2\/posts\/807\/revisions"}],"predecessor-version":[{"id":808,"href":"https:\/\/www.minutenzeiger.de\/index.php?rest_route=\/wp\/v2\/posts\/807\/revisions\/808"}],"wp:attachment":[{"href":"https:\/\/www.minutenzeiger.de\/index.php?rest_route=%2Fwp%2Fv2%2Fmedia&parent=807"}],"wp:term":[{"taxonomy":"category","embeddable":true,"href":"https:\/\/www.minutenzeiger.de\/index.php?rest_route=%2Fwp%2Fv2%2Fcategories&post=807"},{"taxonomy":"post_tag","embeddable":true,"href":"https:\/\/www.minutenzeiger.de\/index.php?rest_route=%2Fwp%2Fv2%2Ftags&post=807"}],"curies":[{"name":"wp","href":"https:\/\/api.w.org\/{rel}","templated":true}]}}