{"id":80,"date":"2015-01-15T21:38:09","date_gmt":"2015-01-15T20:38:09","guid":{"rendered":"http:\/\/www.minutenzeiger.de\/?p=80"},"modified":"2015-01-15T21:38:09","modified_gmt":"2015-01-15T20:38:09","slug":"die-wahrheit-ist-nur-eine-fussnote-der-geschichte","status":"publish","type":"post","link":"https:\/\/www.minutenzeiger.de\/?p=80","title":{"rendered":"Die Wahrheit ist nur eine Fu\u00dfnote der Geschichte"},"content":{"rendered":"<p>Die Wahrheit ist nur eine Fu\u00dfnote der Geschichte &#8211; Telepolis \/tp\/artikel\/43\/43861\/<\/p>\n","protected":false},"excerpt":{"rendered":"<p>Die Wahrheit ist nur eine Fu\u00dfnote der Geschichte &#8211; Telepolis \/tp\/artikel\/43\/43861\/<\/p>\n","protected":false},"author":1,"featured_media":0,"comment_status":"closed","ping_status":"open","sticky":false,"template":"","format":"standard","meta":{"jetpack_post_was_ever_published":false,"_jetpack_newsletter_access":"","_jetpack_newsletter_tier_id":0},"categories":[3,8],"tags":[],"jetpack_sharing_enabled":true,"jetpack_featured_media_url":"","jetpack_shortlink":"https:\/\/wp.me\/paAhe5-1i","jetpack-related-posts":[{"id":795,"url":"https:\/\/www.minutenzeiger.de\/?p=795","url_meta":{"origin":80,"position":0},"title":"Emilia Fester kennt Otto von Bismarck &#8211; ZDFmediathek","author":"Gonmag","date":"18. Oktober 2023","format":false,"excerpt":"Sarah Bosetti fragt, was schlimmer ist: Abgeordnete, die schlecht in Geschichte sind, oder Abgeordnete, die sie kennen und trotzdem in die AfD eintreten. Quelle: Emilia Fester kennt Otto von Bismarck - ZDFmediathek","rel":"","context":"In &quot;Gesellschaft&quot;","block_context":{"text":"Gesellschaft","link":"https:\/\/www.minutenzeiger.de\/?cat=3"},"img":{"alt_text":"","src":"","width":0,"height":0},"classes":[]},{"id":907,"url":"https:\/\/www.minutenzeiger.de\/?p=907","url_meta":{"origin":80,"position":1},"title":"3,5 Milliarden User: Gesamtes WhatsApp-Verzeichnis abgeschnorchelt | heise online","author":"Gonmag","date":"18. November 2025","format":false,"excerpt":"Wiener Forscher haben alle WhatsApp-Nummern abgerufen. Die 3,5 Milliarden Profile sind der gr\u00f6\u00dfte Datenabfluss der Geschichte \u2013 und \u00fcbler, als man meinen w\u00fcrde. Quelle: 3,5 Milliarden User: Gesamtes WhatsApp-Verzeichnis abgeschnorchelt | heise online","rel":"","context":"In &quot;IT&quot;","block_context":{"text":"IT","link":"https:\/\/www.minutenzeiger.de\/?cat=11"},"img":{"alt_text":"","src":"","width":0,"height":0},"classes":[]},{"id":680,"url":"https:\/\/www.minutenzeiger.de\/?p=680","url_meta":{"origin":80,"position":2},"title":"Reddit: Chathistorien von vor 2023 bei Datenumzug verloren gegangen","author":"Gonmag","date":"17. Juli 2023","format":false,"excerpt":"Einen Umzug auf eine neue Infrastruktur konnten bei Reddit nur Chatnachrichten aus diesem Jahr mitmachen \u2013 der Rest ist weg. Gro\u00df angek\u00fcndigt wurde das nicht. Quelle: Reddit: Chathistorien von vor 2023 bei Datenumzug verloren gegangen","rel":"","context":"In &quot;IT&quot;","block_context":{"text":"IT","link":"https:\/\/www.minutenzeiger.de\/?cat=11"},"img":{"alt_text":"","src":"","width":0,"height":0},"classes":[]},{"id":813,"url":"https:\/\/www.minutenzeiger.de\/?p=813","url_meta":{"origin":80,"position":3},"title":"Darm-Hirn-Achse: Wie der Darm unsere Psyche beeinflusst","author":"Gonmag","date":"24. Dezember 2023","format":false,"excerpt":"Um zu kommunizieren, ist der Darm mit dem Gehirn verbunden. Forscher finden immer mehr heraus, wie weitreichend diese Verbindung ist. Nicht nur steht sie im Zusammenhang mit Krankheiten, sie k\u00f6nnte auch die Basis neuer Therapien sein. Von Melina Runde. Quelle: Darm-Hirn-Achse: Wie der Darm unsere Psyche beeinflusst","rel":"","context":"In &quot;Ern\u00e4hrung&quot;","block_context":{"text":"Ern\u00e4hrung","link":"https:\/\/www.minutenzeiger.de\/?cat=13"},"img":{"alt_text":"","src":"","width":0,"height":0},"classes":[]},{"id":939,"url":"https:\/\/www.minutenzeiger.de\/?p=939","url_meta":{"origin":80,"position":4},"title":"Machen uns KI-Chatbots d\u00fcmmer? Die Gefahr ist da, aber es gibt eine Gegenstrategie | taz.de","author":"Gonmag","date":"24. M\u00e4rz 2026","format":false,"excerpt":"Wird d\u00fcmmer, wer KI-Chatbots verwendet? Nicht unbedingt, sagt der Forscher Michael Gerlich. Zwar sei die Gefahr da \u2013 aber es gibt eine Gegenstrategie. Quelle: Machen uns KI-Chatbots d\u00fcmmer? Die Gefahr ist da, aber es gibt eine Gegenstrategie | taz.de","rel":"","context":"In &quot;AI\/KI&quot;","block_context":{"text":"AI\/KI","link":"https:\/\/www.minutenzeiger.de\/?cat=16"},"img":{"alt_text":"","src":"","width":0,"height":0},"classes":[]},{"id":774,"url":"https:\/\/www.minutenzeiger.de\/?p=774","url_meta":{"origin":80,"position":5},"title":"Riester-Rente: Attraktiv nur f\u00fcr Banken und Versicherungen? | tagesschau.de","author":"Gonmag","date":"11. September 2023","format":false,"excerpt":"Die Versprechungen waren gro\u00df, doch die Ergebnisse sind oft mehr als mager. Die Riester-Rente sollte eine Zusatzversorgung im Alter sein - stattdessen haben vor allem Banken und Versicherungen abgesahnt. Von Edith Dietrich. Quelle: Riester-Rente: Attraktiv nur f\u00fcr Banken und Versicherungen? | tagesschau.de","rel":"","context":"In &quot;Gesellschaft&quot;","block_context":{"text":"Gesellschaft","link":"https:\/\/www.minutenzeiger.de\/?cat=3"},"img":{"alt_text":"","src":"","width":0,"height":0},"classes":[]}],"_links":{"self":[{"href":"https:\/\/www.minutenzeiger.de\/index.php?rest_route=\/wp\/v2\/posts\/80"}],"collection":[{"href":"https:\/\/www.minutenzeiger.de\/index.php?rest_route=\/wp\/v2\/posts"}],"about":[{"href":"https:\/\/www.minutenzeiger.de\/index.php?rest_route=\/wp\/v2\/types\/post"}],"author":[{"embeddable":true,"href":"https:\/\/www.minutenzeiger.de\/index.php?rest_route=\/wp\/v2\/users\/1"}],"replies":[{"embeddable":true,"href":"https:\/\/www.minutenzeiger.de\/index.php?rest_route=%2Fwp%2Fv2%2Fcomments&post=80"}],"version-history":[{"count":1,"href":"https:\/\/www.minutenzeiger.de\/index.php?rest_route=\/wp\/v2\/posts\/80\/revisions"}],"predecessor-version":[{"id":81,"href":"https:\/\/www.minutenzeiger.de\/index.php?rest_route=\/wp\/v2\/posts\/80\/revisions\/81"}],"wp:attachment":[{"href":"https:\/\/www.minutenzeiger.de\/index.php?rest_route=%2Fwp%2Fv2%2Fmedia&parent=80"}],"wp:term":[{"taxonomy":"category","embeddable":true,"href":"https:\/\/www.minutenzeiger.de\/index.php?rest_route=%2Fwp%2Fv2%2Fcategories&post=80"},{"taxonomy":"post_tag","embeddable":true,"href":"https:\/\/www.minutenzeiger.de\/index.php?rest_route=%2Fwp%2Fv2%2Ftags&post=80"}],"curies":[{"name":"wp","href":"https:\/\/api.w.org\/{rel}","templated":true}]}}