{"id":798,"date":"2023-10-24T21:14:06","date_gmt":"2023-10-24T20:14:06","guid":{"rendered":"https:\/\/www.minutenzeiger.de\/?p=798"},"modified":"2023-10-24T21:14:06","modified_gmt":"2023-10-24T20:14:06","slug":"sicherheitsrat-israel-kritik-des-un-chefs-loest-eklat-aus","status":"publish","type":"post","link":"https:\/\/www.minutenzeiger.de\/?p=798","title":{"rendered":"Sicherheitsrat: Israel-Kritik des UN-Chefs l\u00f6st Eklat aus"},"content":{"rendered":"<blockquote><p>UN-Generalsekret\u00e4r Guterres hat im UN-Sicherheitsrat den Angriff der terroristischen Hamas auf Israel verurteilt &#8211; aber auch Israel eine Verletzung des V\u00f6lkerrechts vorgeworfen. Die Vertreter des Landes reagierten emp\u00f6rt.<\/p><\/blockquote>\n<p>Quelle: <em><a href=\"https:\/\/www.tagesschau.de\/ausland\/guterres-nahost-streit-100.html\">Sicherheitsrat: Israel-Kritik des UN-Chefs l\u00f6st Eklat aus<\/a><\/em><\/p>\n","protected":false},"excerpt":{"rendered":"<p>UN-Generalsekret\u00e4r Guterres hat im UN-Sicherheitsrat den Angriff der terroristischen Hamas auf Israel verurteilt &#8211; aber auch Israel eine Verletzung des V\u00f6lkerrechts vorgeworfen. Die Vertreter des Landes reagierten emp\u00f6rt. Quelle: Sicherheitsrat: Israel-Kritik des UN-Chefs l\u00f6st Eklat aus<\/p>\n","protected":false},"author":1,"featured_media":0,"comment_status":"closed","ping_status":"open","sticky":false,"template":"","format":"standard","meta":{"jetpack_post_was_ever_published":false,"_jetpack_newsletter_access":"","_jetpack_newsletter_tier_id":0},"categories":[9],"tags":[],"jetpack_sharing_enabled":true,"jetpack_featured_media_url":"","jetpack_shortlink":"https:\/\/wp.me\/paAhe5-cS","jetpack-related-posts":[{"id":788,"url":"https:\/\/www.minutenzeiger.de\/?p=788","url_meta":{"origin":798,"position":0},"title":"The Israel-Hamas war reveals how social media sells you the illusion of reality | CNN Business","author":"Gonmag","date":"14. Oktober 2023","format":false,"excerpt":"As the Israel-Hamas war reaches the end of its first week, millions have turned to platforms including TikTok and Instagram in hopes of comprehending the brutal conflict in real time. Trending search terms on TikTok in recent days illustrate the hunger for frontline perspectives: From \u201cgraphic Israel footage\u201d to \u201clive\u2026","rel":"","context":"In &quot;Medien&quot;","block_context":{"text":"Medien","link":"https:\/\/www.minutenzeiger.de\/?cat=8"},"img":{"alt_text":"","src":"","width":0,"height":0},"classes":[]},{"id":374,"url":"https:\/\/www.minutenzeiger.de\/?p=374","url_meta":{"origin":798,"position":1},"title":"Der Tausch &#8211; Kritik der politischen \u00d6kumene","author":"Gonmag","date":"13. August 2015","format":false,"excerpt":"Der Tausch - Kritik der politischen \u00d6kumene - Telepolis \/tp\/artikel\/45\/45699\/","rel":"","context":"In &quot;Gesellschaft&quot;","block_context":{"text":"Gesellschaft","link":"https:\/\/www.minutenzeiger.de\/?cat=3"},"img":{"alt_text":"","src":"","width":0,"height":0},"classes":[]},{"id":342,"url":"https:\/\/www.minutenzeiger.de\/?p=342","url_meta":{"origin":798,"position":2},"title":"Talkshow-Kritik: V\u00f6llige Einseitigkeit und ein nationaler Wir-Diskurs","author":"Gonmag","date":"29. Juli 2015","format":false,"excerpt":"Talkshow-Kritik: V\u00f6llige Einseitigkeit und ein nationaler Wir-Diskurs - Telepolis \/tp\/artikel\/45\/45564\/","rel":"","context":"In &quot;Gesellschaft&quot;","block_context":{"text":"Gesellschaft","link":"https:\/\/www.minutenzeiger.de\/?cat=3"},"img":{"alt_text":"","src":"","width":0,"height":0},"classes":[]},{"id":776,"url":"https:\/\/www.minutenzeiger.de\/?p=776","url_meta":{"origin":798,"position":3},"title":"Wof\u00fcr ein B\u00e4cker aus Unterfranken K\u00fcnstliche Intelligenz einsetzt | tagesschau.de","author":"Gonmag","date":"17. September 2023","format":false,"excerpt":"Bei einem B\u00e4cker aus Unterfranken meldet ein KI-System, wenn das Br\u00f6tchenregal Nachschub braucht. Das Handwerk hofft, mit solchen technischen Innovationen auch die Personalnot zu lindern. Von Frank Breitenstein. Quelle: Wof\u00fcr ein B\u00e4cker aus Unterfranken K\u00fcnstliche Intelligenz einsetzt | tagesschau.de","rel":"","context":"In &quot;AI\/KI&quot;","block_context":{"text":"AI\/KI","link":"https:\/\/www.minutenzeiger.de\/?cat=16"},"img":{"alt_text":"","src":"","width":0,"height":0},"classes":[]},{"id":222,"url":"https:\/\/www.minutenzeiger.de\/?p=222","url_meta":{"origin":798,"position":4},"title":"Bundesarbeitsgericht stellt (k)einen Freifahrtschein f\u00fcr sexuelle Bel\u00e4stigung aus","author":"Gonmag","date":"12. Februar 2015","format":false,"excerpt":"Bundesarbeitsgericht stellt (k)einen Freifahrtschein f\u00fcr sexuelle Bel\u00e4stigung aus - Telepolis http:\/\/heise.de\/-2548065","rel":"","context":"In &quot;Gesellschaft&quot;","block_context":{"text":"Gesellschaft","link":"https:\/\/www.minutenzeiger.de\/?cat=3"},"img":{"alt_text":"","src":"","width":0,"height":0},"classes":[]},{"id":838,"url":"https:\/\/www.minutenzeiger.de\/?p=838","url_meta":{"origin":798,"position":5},"title":"Illusion des fairen Lohns: Leistung allein reicht nicht aus","author":"Gonmag","date":"6. April 2024","format":false,"excerpt":"Von Bankern bis M\u00fcllm\u00e4nnern: Was bestimmt den wahren Wert unserer Arbeit? Wie unser Lohnsystem bewertet. Welche Gesellschaft wollen wir? Quelle: Illusion des fairen Lohns: Leistung allein reicht nicht aus","rel":"","context":"In &quot;Gesellschaft&quot;","block_context":{"text":"Gesellschaft","link":"https:\/\/www.minutenzeiger.de\/?cat=3"},"img":{"alt_text":"","src":"","width":0,"height":0},"classes":[]}],"_links":{"self":[{"href":"https:\/\/www.minutenzeiger.de\/index.php?rest_route=\/wp\/v2\/posts\/798"}],"collection":[{"href":"https:\/\/www.minutenzeiger.de\/index.php?rest_route=\/wp\/v2\/posts"}],"about":[{"href":"https:\/\/www.minutenzeiger.de\/index.php?rest_route=\/wp\/v2\/types\/post"}],"author":[{"embeddable":true,"href":"https:\/\/www.minutenzeiger.de\/index.php?rest_route=\/wp\/v2\/users\/1"}],"replies":[{"embeddable":true,"href":"https:\/\/www.minutenzeiger.de\/index.php?rest_route=%2Fwp%2Fv2%2Fcomments&post=798"}],"version-history":[{"count":1,"href":"https:\/\/www.minutenzeiger.de\/index.php?rest_route=\/wp\/v2\/posts\/798\/revisions"}],"predecessor-version":[{"id":799,"href":"https:\/\/www.minutenzeiger.de\/index.php?rest_route=\/wp\/v2\/posts\/798\/revisions\/799"}],"wp:attachment":[{"href":"https:\/\/www.minutenzeiger.de\/index.php?rest_route=%2Fwp%2Fv2%2Fmedia&parent=798"}],"wp:term":[{"taxonomy":"category","embeddable":true,"href":"https:\/\/www.minutenzeiger.de\/index.php?rest_route=%2Fwp%2Fv2%2Fcategories&post=798"},{"taxonomy":"post_tag","embeddable":true,"href":"https:\/\/www.minutenzeiger.de\/index.php?rest_route=%2Fwp%2Fv2%2Ftags&post=798"}],"curies":[{"name":"wp","href":"https:\/\/api.w.org\/{rel}","templated":true}]}}