{"id":795,"date":"2023-10-18T18:31:24","date_gmt":"2023-10-18T17:31:24","guid":{"rendered":"https:\/\/www.minutenzeiger.de\/?p=795"},"modified":"2023-10-18T18:31:24","modified_gmt":"2023-10-18T17:31:24","slug":"emilia-fester-kennt-otto-von-bismarck-zdfmediathek","status":"publish","type":"post","link":"https:\/\/www.minutenzeiger.de\/?p=795","title":{"rendered":"Emilia Fester kennt Otto von Bismarck &#8211; ZDFmediathek"},"content":{"rendered":"<blockquote><p>Sarah Bosetti fragt, was schlimmer ist: Abgeordnete, die schlecht in Geschichte sind, oder Abgeordnete, die sie kennen und trotzdem in die AfD eintreten.<\/p><\/blockquote>\n<p>Quelle: <em><a href=\"https:\/\/www.zdf.de\/comedy\/bosetti-will-reden\/bosetti-will-reden-vom-24-mai-2023-100.html\">Emilia Fester kennt Otto von Bismarck &#8211; ZDFmediathek<\/a><\/em><\/p>\n","protected":false},"excerpt":{"rendered":"<p>Sarah Bosetti fragt, was schlimmer ist: Abgeordnete, die schlecht in Geschichte sind, oder Abgeordnete, die sie kennen und trotzdem in die AfD eintreten. Quelle: Emilia Fester kennt Otto von Bismarck &#8211; ZDFmediathek<\/p>\n","protected":false},"author":1,"featured_media":0,"comment_status":"closed","ping_status":"open","sticky":false,"template":"","format":"standard","meta":{"jetpack_post_was_ever_published":false,"_jetpack_newsletter_access":"","_jetpack_newsletter_tier_id":0},"categories":[3,9],"tags":[],"jetpack_sharing_enabled":true,"jetpack_featured_media_url":"","jetpack_shortlink":"https:\/\/wp.me\/paAhe5-cP","jetpack-related-posts":[{"id":889,"url":"https:\/\/www.minutenzeiger.de\/?p=889","url_meta":{"origin":795,"position":0},"title":"Frankreich: Wie die Belegschaft Duralex rettete","author":"Gonmag","date":"13. Oktober 2024","format":false,"excerpt":"Die Gl\u00e4ser der Firma Duralex kennt wohl jeder Bistro-Besucher in Frankreich. Dennoch geriet das Traditionsunternehmen in massive Probleme. Nun geh\u00f6rt Duralex der Belegschaft. Wie geht sie damit um? Von F. Hofmann. Quelle: Frankreich: Wie die Belegschaft Duralex rettete","rel":"","context":"In &quot;Gesellschaft&quot;","block_context":{"text":"Gesellschaft","link":"https:\/\/www.minutenzeiger.de\/?cat=3"},"img":{"alt_text":"","src":"","width":0,"height":0},"classes":[]},{"id":420,"url":"https:\/\/www.minutenzeiger.de\/?p=420","url_meta":{"origin":795,"position":1},"title":"Die Produktion von Nachrichten","author":"Gonmag","date":"16. September 2015","format":false,"excerpt":"Die Produktion von Nachrichten - Telepolis \/tp\/artikel\/45\/45980\/","rel":"","context":"In &quot;Allgemein&quot;","block_context":{"text":"Allgemein","link":"https:\/\/www.minutenzeiger.de\/?cat=1"},"img":{"alt_text":"","src":"","width":0,"height":0},"classes":[]},{"id":733,"url":"https:\/\/www.minutenzeiger.de\/?p=733","url_meta":{"origin":795,"position":2},"title":"KI: Wie Klickarbeiter in Kenia ausgebeutet werden","author":"Gonmag","date":"24. August 2023","format":false,"excerpt":"Klickarbeiter sind die Trainer der K\u00fcnstlichen Intelligenz. Sie sitzen in Kenia oder Kolumbien und bringen Maschinen das Wissen \u00fcber die Welt bei. Doch die Arbeit ist prek\u00e4r. Besch\u00e4ftigte berichten von Ausbeutung, Perspektivlosigkeit und digitaler \u00dcberwachung. Von Christian Kretschmer. Quelle: KI: Wie Klickarbeiter in Kenia ausgebeutet werden","rel":"","context":"In &quot;AI\/KI&quot;","block_context":{"text":"AI\/KI","link":"https:\/\/www.minutenzeiger.de\/?cat=16"},"img":{"alt_text":"","src":"","width":0,"height":0},"classes":[]},{"id":500,"url":"https:\/\/www.minutenzeiger.de\/?p=500","url_meta":{"origin":795,"position":3},"title":"Markieren die Anschl\u00e4ge von Paris ein europ\u00e4isches 9\/11?","author":"Gonmag","date":"19. November 2015","format":false,"excerpt":"Markieren die Anschl\u00e4ge von Paris ein europ\u00e4isches 9\/11? - Telepolis \/tp\/artikel\/46\/46604\/","rel":"","context":"In &quot;Gesellschaft&quot;","block_context":{"text":"Gesellschaft","link":"https:\/\/www.minutenzeiger.de\/?cat=3"},"img":{"alt_text":"","src":"","width":0,"height":0},"classes":[]},{"id":873,"url":"https:\/\/www.minutenzeiger.de\/?p=873","url_meta":{"origin":795,"position":4},"title":"Bek\u00e4mpfung von Aids: Die Revolution wird aufgeschoben","author":"Gonmag","date":"27. September 2024","format":false,"excerpt":"Der Wirkstoff Lenacapavir verhindert HIV-Infektionen sicher und k\u00f6nnte den Kampf gegen Aids ver\u00e4ndern. Doch ein Pharmariese sperrt sich. Quelle: Bek\u00e4mpfung von Aids: Die Revolution wird aufgeschoben","rel":"","context":"In &quot;Gesellschaft&quot;","block_context":{"text":"Gesellschaft","link":"https:\/\/www.minutenzeiger.de\/?cat=3"},"img":{"alt_text":"","src":"","width":0,"height":0},"classes":[]},{"id":660,"url":"https:\/\/www.minutenzeiger.de\/?p=660","url_meta":{"origin":795,"position":5},"title":"Heissester Tag: Die Inflation der Rekorde im Klimawandel ergibt wenig Sinn","author":"Gonmag","date":"10. Juli 2023","format":false,"excerpt":"Fachleute verfolgen die Erderw\u00e4rmung anhand von langfristig gemittelten Messdaten. Um den Klimawandel besorgniserregend zu finden, muss man nicht auf H\u00f6chstmarken einzelner Tage schauen. Quelle: Heissester Tag: Die Inflation der Rekorde im Klimawandel ergibt wenig Sinn","rel":"","context":"In &quot;Klima&quot;","block_context":{"text":"Klima","link":"https:\/\/www.minutenzeiger.de\/?cat=17"},"img":{"alt_text":"","src":"","width":0,"height":0},"classes":[]}],"_links":{"self":[{"href":"https:\/\/www.minutenzeiger.de\/index.php?rest_route=\/wp\/v2\/posts\/795"}],"collection":[{"href":"https:\/\/www.minutenzeiger.de\/index.php?rest_route=\/wp\/v2\/posts"}],"about":[{"href":"https:\/\/www.minutenzeiger.de\/index.php?rest_route=\/wp\/v2\/types\/post"}],"author":[{"embeddable":true,"href":"https:\/\/www.minutenzeiger.de\/index.php?rest_route=\/wp\/v2\/users\/1"}],"replies":[{"embeddable":true,"href":"https:\/\/www.minutenzeiger.de\/index.php?rest_route=%2Fwp%2Fv2%2Fcomments&post=795"}],"version-history":[{"count":1,"href":"https:\/\/www.minutenzeiger.de\/index.php?rest_route=\/wp\/v2\/posts\/795\/revisions"}],"predecessor-version":[{"id":796,"href":"https:\/\/www.minutenzeiger.de\/index.php?rest_route=\/wp\/v2\/posts\/795\/revisions\/796"}],"wp:attachment":[{"href":"https:\/\/www.minutenzeiger.de\/index.php?rest_route=%2Fwp%2Fv2%2Fmedia&parent=795"}],"wp:term":[{"taxonomy":"category","embeddable":true,"href":"https:\/\/www.minutenzeiger.de\/index.php?rest_route=%2Fwp%2Fv2%2Fcategories&post=795"},{"taxonomy":"post_tag","embeddable":true,"href":"https:\/\/www.minutenzeiger.de\/index.php?rest_route=%2Fwp%2Fv2%2Ftags&post=795"}],"curies":[{"name":"wp","href":"https:\/\/api.w.org\/{rel}","templated":true}]}}