{"id":785,"date":"2023-10-14T12:16:36","date_gmt":"2023-10-14T11:16:36","guid":{"rendered":"https:\/\/www.minutenzeiger.de\/?p=785"},"modified":"2023-10-14T12:16:36","modified_gmt":"2023-10-14T11:16:36","slug":"verbaende-kritisieren-kuerzungen-dann-gibt-es-kein-soziales-netz-mehr","status":"publish","type":"post","link":"https:\/\/www.minutenzeiger.de\/?p=785","title":{"rendered":"Verb\u00e4nde kritisieren K\u00fcrzungen: &#8222;Dann gibt es kein soziales Netz mehr&#8220;"},"content":{"rendered":"<blockquote><p>Caritas und Diakonie schlagen Alarm: Der Bund will weniger Geld f\u00fcr Kinder- und Jugendhilfe, Migrations- und Schuldnerberatung ausgeben. Die Sozialverb\u00e4nde bef\u00fcrchten Risse im sozialen Netz. Von Eckhart Querner.<\/p><\/blockquote>\n<p>Quelle: <em><a href=\"https:\/\/www.tagesschau.de\/inland\/gesellschaft\/sozialverbaende-kuerzungen-100.html\">Verb\u00e4nde kritisieren K\u00fcrzungen: &#8222;Dann gibt es kein soziales Netz mehr&#8220;<\/a><\/em><\/p>\n","protected":false},"excerpt":{"rendered":"<p>Caritas und Diakonie schlagen Alarm: Der Bund will weniger Geld f\u00fcr Kinder- und Jugendhilfe, Migrations- und Schuldnerberatung ausgeben. Die Sozialverb\u00e4nde bef\u00fcrchten Risse im sozialen Netz. Von Eckhart Querner. Quelle: Verb\u00e4nde kritisieren K\u00fcrzungen: &#8222;Dann gibt es kein soziales Netz mehr&#8220;<\/p>\n","protected":false},"author":1,"featured_media":0,"comment_status":"closed","ping_status":"open","sticky":false,"template":"","format":"standard","meta":{"jetpack_post_was_ever_published":false,"_jetpack_newsletter_access":"","_jetpack_newsletter_tier_id":0},"categories":[3,9],"tags":[],"jetpack_sharing_enabled":true,"jetpack_featured_media_url":"","jetpack_shortlink":"https:\/\/wp.me\/paAhe5-cF","jetpack-related-posts":[{"id":68,"url":"https:\/\/www.minutenzeiger.de\/?p=68","url_meta":{"origin":785,"position":0},"title":"Der freie Wille im Netz","author":"Gonmag","date":"14. Januar 2015","format":false,"excerpt":"Der freie Wille im Netz - Telepolis \/tp\/artikel\/43\/43785\/","rel":"","context":"In &quot;Gesellschaft&quot;","block_context":{"text":"Gesellschaft","link":"https:\/\/www.minutenzeiger.de\/?cat=3"},"img":{"alt_text":"","src":"","width":0,"height":0},"classes":[]},{"id":508,"url":"https:\/\/www.minutenzeiger.de\/?p=508","url_meta":{"origin":785,"position":1},"title":"Kommentar: Verbot der Netz-Anonymit\u00e4t legt die Axt an die Demokratie","author":"Gonmag","date":"6. Dezember 2015","format":false,"excerpt":"Kommentar: Verbot der Netz-Anonymit\u00e4t legt die Axt an die Demokratie - heise online http:\/\/heise.de\/-3032799","rel":"","context":"In &quot;Gesellschaft&quot;","block_context":{"text":"Gesellschaft","link":"https:\/\/www.minutenzeiger.de\/?cat=3"},"img":{"alt_text":"","src":"","width":0,"height":0},"classes":[]},{"id":939,"url":"https:\/\/www.minutenzeiger.de\/?p=939","url_meta":{"origin":785,"position":2},"title":"Machen uns KI-Chatbots d\u00fcmmer? Die Gefahr ist da, aber es gibt eine Gegenstrategie | taz.de","author":"Gonmag","date":"24. M\u00e4rz 2026","format":false,"excerpt":"Wird d\u00fcmmer, wer KI-Chatbots verwendet? Nicht unbedingt, sagt der Forscher Michael Gerlich. Zwar sei die Gefahr da \u2013 aber es gibt eine Gegenstrategie. Quelle: Machen uns KI-Chatbots d\u00fcmmer? Die Gefahr ist da, aber es gibt eine Gegenstrategie | taz.de","rel":"","context":"In &quot;AI\/KI&quot;","block_context":{"text":"AI\/KI","link":"https:\/\/www.minutenzeiger.de\/?cat=16"},"img":{"alt_text":"","src":"","width":0,"height":0},"classes":[]},{"id":146,"url":"https:\/\/www.minutenzeiger.de\/?p=146","url_meta":{"origin":785,"position":3},"title":"Menschenrechte z\u00e4hlen nur in L\u00e4ndern, in denen es nichts zu holen gibt &#8211; News &#8211; gulli.com","author":"Gonmag","date":"24. Januar 2015","format":false,"excerpt":"http:\/\/www.gulli.com\/news\/25522-menschenrechte-zaehlen-nur-in-laendern-in-denen-es-nichts-zu-holen-gibt-2015-01-23","rel":"","context":"In &quot;Politik&quot;","block_context":{"text":"Politik","link":"https:\/\/www.minutenzeiger.de\/?cat=9"},"img":{"alt_text":"","src":"","width":0,"height":0},"classes":[]},{"id":774,"url":"https:\/\/www.minutenzeiger.de\/?p=774","url_meta":{"origin":785,"position":4},"title":"Riester-Rente: Attraktiv nur f\u00fcr Banken und Versicherungen? | tagesschau.de","author":"Gonmag","date":"11. September 2023","format":false,"excerpt":"Die Versprechungen waren gro\u00df, doch die Ergebnisse sind oft mehr als mager. Die Riester-Rente sollte eine Zusatzversorgung im Alter sein - stattdessen haben vor allem Banken und Versicherungen abgesahnt. Von Edith Dietrich. Quelle: Riester-Rente: Attraktiv nur f\u00fcr Banken und Versicherungen? | tagesschau.de","rel":"","context":"In &quot;Gesellschaft&quot;","block_context":{"text":"Gesellschaft","link":"https:\/\/www.minutenzeiger.de\/?cat=3"},"img":{"alt_text":"","src":"","width":0,"height":0},"classes":[]},{"id":677,"url":"https:\/\/www.minutenzeiger.de\/?p=677","url_meta":{"origin":785,"position":5},"title":"Vorschl\u00e4ge des B\u00fcrgerrats: Der Weg zu einer gerechteren Bildung","author":"Gonmag","date":"11. Juli 2023","format":false,"excerpt":"Der bundesweite B\u00fcrgerrat Bildung und Lernen hat eine Reihe von Empfehlungen vorgestellt, wie mehr Chancengleichheit im Bildungssystem zu erreichen ist. Die zentrale Formel des Gremiums lautet: fr\u00fcher, besser und l\u00e4nger gemeinsam lernen. Von Oda Tischewski. Quelle: Vorschl\u00e4ge des B\u00fcrgerrats: Der Weg zu einer gerechteren Bildung","rel":"","context":"In &quot;Bildung&quot;","block_context":{"text":"Bildung","link":"https:\/\/www.minutenzeiger.de\/?cat=21"},"img":{"alt_text":"","src":"","width":0,"height":0},"classes":[]}],"_links":{"self":[{"href":"https:\/\/www.minutenzeiger.de\/index.php?rest_route=\/wp\/v2\/posts\/785"}],"collection":[{"href":"https:\/\/www.minutenzeiger.de\/index.php?rest_route=\/wp\/v2\/posts"}],"about":[{"href":"https:\/\/www.minutenzeiger.de\/index.php?rest_route=\/wp\/v2\/types\/post"}],"author":[{"embeddable":true,"href":"https:\/\/www.minutenzeiger.de\/index.php?rest_route=\/wp\/v2\/users\/1"}],"replies":[{"embeddable":true,"href":"https:\/\/www.minutenzeiger.de\/index.php?rest_route=%2Fwp%2Fv2%2Fcomments&post=785"}],"version-history":[{"count":1,"href":"https:\/\/www.minutenzeiger.de\/index.php?rest_route=\/wp\/v2\/posts\/785\/revisions"}],"predecessor-version":[{"id":786,"href":"https:\/\/www.minutenzeiger.de\/index.php?rest_route=\/wp\/v2\/posts\/785\/revisions\/786"}],"wp:attachment":[{"href":"https:\/\/www.minutenzeiger.de\/index.php?rest_route=%2Fwp%2Fv2%2Fmedia&parent=785"}],"wp:term":[{"taxonomy":"category","embeddable":true,"href":"https:\/\/www.minutenzeiger.de\/index.php?rest_route=%2Fwp%2Fv2%2Fcategories&post=785"},{"taxonomy":"post_tag","embeddable":true,"href":"https:\/\/www.minutenzeiger.de\/index.php?rest_route=%2Fwp%2Fv2%2Ftags&post=785"}],"curies":[{"name":"wp","href":"https:\/\/api.w.org\/{rel}","templated":true}]}}