{"id":700,"date":"2023-07-25T05:23:46","date_gmt":"2023-07-25T04:23:46","guid":{"rendered":"https:\/\/www.minutenzeiger.de\/?p=700"},"modified":"2023-07-25T05:23:46","modified_gmt":"2023-07-25T04:23:46","slug":"im-blindflug-in-die-abhaengigkeit-was-wir-ueber-ki-ausblenden-telepolis","status":"publish","type":"post","link":"https:\/\/www.minutenzeiger.de\/?p=700","title":{"rendered":"Im Blindflug in die Abh\u00e4ngigkeit: Was wir \u00fcber KI ausblenden | Telepolis"},"content":{"rendered":"<blockquote><p>Eine neue Studie untersucht mit K\u00fcnstlicher Intelligenz, wie wir mit KI umgehen. Was dabei herauskommt, ist verbl\u00fcffend. Ein Land verliert dabei den Anschluss.<\/p><\/blockquote>\n<p>Quelle: <em><a href=\"https:\/\/www.telepolis.de\/features\/Im-Blindflug-in-die-Abhaengigkeit-Was-wir-ueber-KI-ausblenden-9224255.html\">Im Blindflug in die Abh\u00e4ngigkeit: Was wir \u00fcber KI ausblenden | Telepolis<\/a><\/em><\/p>\n","protected":false},"excerpt":{"rendered":"<p>Eine neue Studie untersucht mit K\u00fcnstlicher Intelligenz, wie wir mit KI umgehen. Was dabei herauskommt, ist verbl\u00fcffend. Ein Land verliert dabei den Anschluss. Quelle: Im Blindflug in die Abh\u00e4ngigkeit: Was wir \u00fcber KI ausblenden | Telepolis<\/p>\n","protected":false},"author":1,"featured_media":0,"comment_status":"closed","ping_status":"open","sticky":false,"template":"","format":"standard","meta":{"jetpack_post_was_ever_published":false,"_jetpack_newsletter_access":"","_jetpack_newsletter_tier_id":0},"categories":[16,21,3],"tags":[],"jetpack_sharing_enabled":true,"jetpack_featured_media_url":"","jetpack_shortlink":"https:\/\/wp.me\/paAhe5-bi","jetpack-related-posts":[{"id":770,"url":"https:\/\/www.minutenzeiger.de\/?p=770","url_meta":{"origin":700,"position":0},"title":"KI: Warum wir gro\u00dfe Sprachmodelle nicht wie Menschen behandeln sollten | heise online","author":"Gonmag","date":"7. September 2023","format":false,"excerpt":"Angesichts der Bef\u00fcrchtungen, die mit KI einhergehen, wird es Zeit, sich zu verst\u00e4ndigen, was sie wirklich leisten kann. Das beginnt schon bei Testverfahren. Quelle: KI: Warum wir gro\u00dfe Sprachmodelle nicht wie Menschen behandeln sollten | heise online","rel":"","context":"In &quot;AI\/KI&quot;","block_context":{"text":"AI\/KI","link":"https:\/\/www.minutenzeiger.de\/?cat=16"},"img":{"alt_text":"","src":"","width":0,"height":0},"classes":[]},{"id":510,"url":"https:\/\/www.minutenzeiger.de\/?p=510","url_meta":{"origin":700,"position":1},"title":"&#8222;Wer denkt, dass wir im Notfall einfach den Stecker ziehen k\u00f6nnen, der irrt sich&#8220;","author":"Gonmag","date":"6. Dezember 2015","format":false,"excerpt":"\"Wer denkt, dass wir im Notfall einfach den Stecker ziehen k\u00f6nnen, der irrt sich\" - Telepolis \/tp\/artikel\/46\/46764\/1.html","rel":"","context":"In &quot;Gesellschaft&quot;","block_context":{"text":"Gesellschaft","link":"https:\/\/www.minutenzeiger.de\/?cat=3"},"img":{"alt_text":"","src":"","width":0,"height":0},"classes":[]},{"id":246,"url":"https:\/\/www.minutenzeiger.de\/?p=246","url_meta":{"origin":700,"position":2},"title":"&#8222;Die ganze Privatisierung hat dazu gef\u00fchrt, dass wir mittlerweile fast realsozialistische Verh\u00e4ltnisse haben&#8220;","author":"Gonmag","date":"1. Mai 2015","format":false,"excerpt":"\"Die ganze Privatisierung hat dazu gef\u00fchrt, dass wir mittlerweile fast realsozialistische Verh\u00e4ltnisse haben\" - Telepolis \/tp\/artikel\/44\/44751\/","rel":"","context":"In &quot;Gesellschaft&quot;","block_context":{"text":"Gesellschaft","link":"https:\/\/www.minutenzeiger.de\/?cat=3"},"img":{"alt_text":"","src":"","width":0,"height":0},"classes":[]},{"id":128,"url":"https:\/\/www.minutenzeiger.de\/?p=128","url_meta":{"origin":700,"position":3},"title":"Sind wir jetzt alle Pegida?","author":"Gonmag","date":"20. Januar 2015","format":false,"excerpt":"Sind wir jetzt alle Pegida? - Telepolis http:\/\/heise.de\/-2522478","rel":"","context":"In &quot;Gesellschaft&quot;","block_context":{"text":"Gesellschaft","link":"https:\/\/www.minutenzeiger.de\/?cat=3"},"img":{"alt_text":"","src":"","width":0,"height":0},"classes":[]},{"id":428,"url":"https:\/\/www.minutenzeiger.de\/?p=428","url_meta":{"origin":700,"position":4},"title":"Wir m\u00fcssen etwas in den Herkunftsl\u00e4ndern der Fl\u00fcchtlinge tun\u2026","author":"Gonmag","date":"19. September 2015","format":false,"excerpt":"Wir m\u00fcssen etwas in den Herkunftsl\u00e4ndern der Fl\u00fcchtlinge tun\u2026 - Telepolis \/tp\/artikel\/46\/46033\/","rel":"","context":"In &quot;Gesellschaft&quot;","block_context":{"text":"Gesellschaft","link":"https:\/\/www.minutenzeiger.de\/?cat=3"},"img":{"alt_text":"","src":"","width":0,"height":0},"classes":[]},{"id":342,"url":"https:\/\/www.minutenzeiger.de\/?p=342","url_meta":{"origin":700,"position":5},"title":"Talkshow-Kritik: V\u00f6llige Einseitigkeit und ein nationaler Wir-Diskurs","author":"Gonmag","date":"29. Juli 2015","format":false,"excerpt":"Talkshow-Kritik: V\u00f6llige Einseitigkeit und ein nationaler Wir-Diskurs - Telepolis \/tp\/artikel\/45\/45564\/","rel":"","context":"In &quot;Gesellschaft&quot;","block_context":{"text":"Gesellschaft","link":"https:\/\/www.minutenzeiger.de\/?cat=3"},"img":{"alt_text":"","src":"","width":0,"height":0},"classes":[]}],"_links":{"self":[{"href":"https:\/\/www.minutenzeiger.de\/index.php?rest_route=\/wp\/v2\/posts\/700"}],"collection":[{"href":"https:\/\/www.minutenzeiger.de\/index.php?rest_route=\/wp\/v2\/posts"}],"about":[{"href":"https:\/\/www.minutenzeiger.de\/index.php?rest_route=\/wp\/v2\/types\/post"}],"author":[{"embeddable":true,"href":"https:\/\/www.minutenzeiger.de\/index.php?rest_route=\/wp\/v2\/users\/1"}],"replies":[{"embeddable":true,"href":"https:\/\/www.minutenzeiger.de\/index.php?rest_route=%2Fwp%2Fv2%2Fcomments&post=700"}],"version-history":[{"count":1,"href":"https:\/\/www.minutenzeiger.de\/index.php?rest_route=\/wp\/v2\/posts\/700\/revisions"}],"predecessor-version":[{"id":701,"href":"https:\/\/www.minutenzeiger.de\/index.php?rest_route=\/wp\/v2\/posts\/700\/revisions\/701"}],"wp:attachment":[{"href":"https:\/\/www.minutenzeiger.de\/index.php?rest_route=%2Fwp%2Fv2%2Fmedia&parent=700"}],"wp:term":[{"taxonomy":"category","embeddable":true,"href":"https:\/\/www.minutenzeiger.de\/index.php?rest_route=%2Fwp%2Fv2%2Fcategories&post=700"},{"taxonomy":"post_tag","embeddable":true,"href":"https:\/\/www.minutenzeiger.de\/index.php?rest_route=%2Fwp%2Fv2%2Ftags&post=700"}],"curies":[{"name":"wp","href":"https:\/\/api.w.org\/{rel}","templated":true}]}}