{"id":70,"date":"2015-01-14T21:36:44","date_gmt":"2015-01-14T20:36:44","guid":{"rendered":"http:\/\/www.minutenzeiger.de\/?p=70"},"modified":"2015-01-14T21:36:44","modified_gmt":"2015-01-14T20:36:44","slug":"windkraft-wohin-mit-all-dem-strom","status":"publish","type":"post","link":"https:\/\/www.minutenzeiger.de\/?p=70","title":{"rendered":"Windkraft: Wohin mit all dem Strom?"},"content":{"rendered":"<p>Windkraft: Wohin mit all dem Strom? &#8211; Telepolis <a href=\"http:\/\/heise.de\/-2517752\">http:\/\/heise.de\/-2517752<\/a><\/p>\n","protected":false},"excerpt":{"rendered":"<p>Windkraft: Wohin mit all dem Strom? &#8211; Telepolis http:\/\/heise.de\/-2517752<\/p>\n","protected":false},"author":1,"featured_media":0,"comment_status":"closed","ping_status":"open","sticky":false,"template":"","format":"standard","meta":{"jetpack_post_was_ever_published":false,"_jetpack_newsletter_access":"","_jetpack_newsletter_tier_id":0},"categories":[3],"tags":[],"jetpack_sharing_enabled":true,"jetpack_featured_media_url":"","jetpack_shortlink":"https:\/\/wp.me\/paAhe5-18","jetpack-related-posts":[{"id":244,"url":"https:\/\/www.minutenzeiger.de\/?p=244","url_meta":{"origin":70,"position":0},"title":"Ist Demokratie mit dieser EU \u00fcberhaupt m\u00f6glich?","author":"Gonmag","date":"26. April 2015","format":false,"excerpt":"Ist Demokratie mit dieser EU \u00fcberhaupt m\u00f6glich? - Telepolis http:\/\/heise.de\/-2621230","rel":"","context":"In &quot;Gesellschaft&quot;","block_context":{"text":"Gesellschaft","link":"https:\/\/www.minutenzeiger.de\/?cat=3"},"img":{"alt_text":"","src":"","width":0,"height":0},"classes":[]},{"id":540,"url":"https:\/\/www.minutenzeiger.de\/?p=540","url_meta":{"origin":70,"position":1},"title":"Und du sagst, mit meinem Gef\u00fchl stimmt etwas nicht?","author":"Gonmag","date":"20. Dezember 2016","format":false,"excerpt":"Und du sagst, mit meinem Gef\u00fchl stimmt etwas nicht? - Telepolis http:\/\/heise.de\/-3554808","rel":"","context":"In &quot;Gesellschaft&quot;","block_context":{"text":"Gesellschaft","link":"https:\/\/www.minutenzeiger.de\/?cat=3"},"img":{"alt_text":"","src":"","width":0,"height":0},"classes":[]},{"id":318,"url":"https:\/\/www.minutenzeiger.de\/?p=318","url_meta":{"origin":70,"position":2},"title":"Deutsche Bank: Gesch\u00e4fte mit dem Krieg","author":"Gonmag","date":"22. Juli 2015","format":false,"excerpt":"Deutsche Bank: Gesch\u00e4fte mit dem Krieg - Telepolis \/tp\/artikel\/45\/45506\/","rel":"","context":"In &quot;Gesellschaft&quot;","block_context":{"text":"Gesellschaft","link":"https:\/\/www.minutenzeiger.de\/?cat=3"},"img":{"alt_text":"","src":"","width":0,"height":0},"classes":[]},{"id":46,"url":"https:\/\/www.minutenzeiger.de\/?p=46","url_meta":{"origin":70,"position":3},"title":"J&#8217;ai \u00e9t\u00e9 dup\u00e9","author":"Gonmag","date":"10. Januar 2015","format":false,"excerpt":"J'ai \u00e9t\u00e9 dup\u00e9 - Telepolis http:\/\/heise.de\/-2515504","rel":"","context":"In &quot;Gesellschaft&quot;","block_context":{"text":"Gesellschaft","link":"https:\/\/www.minutenzeiger.de\/?cat=3"},"img":{"alt_text":"","src":"","width":0,"height":0},"classes":[]},{"id":26,"url":"https:\/\/www.minutenzeiger.de\/?p=26","url_meta":{"origin":70,"position":4},"title":"Das Chlorhuhn als Ablenkungsman\u00f6ver","author":"Gonmag","date":"5. Januar 2015","format":false,"excerpt":"Das Chlorhuhn als Ablenkungsman\u00f6ver - Telepolis http:\/\/heise.de\/-2508413","rel":"","context":"In &quot;Gesellschaft&quot;","block_context":{"text":"Gesellschaft","link":"https:\/\/www.minutenzeiger.de\/?cat=3"},"img":{"alt_text":"","src":"","width":0,"height":0},"classes":[]},{"id":164,"url":"https:\/\/www.minutenzeiger.de\/?p=164","url_meta":{"origin":70,"position":5},"title":"Andrea Nahles und Uber","author":"Gonmag","date":"28. Januar 2015","format":false,"excerpt":"Andrea Nahles und Uber - Telepolis http:\/\/heise.de\/-2530356","rel":"","context":"In &quot;Gesellschaft&quot;","block_context":{"text":"Gesellschaft","link":"https:\/\/www.minutenzeiger.de\/?cat=3"},"img":{"alt_text":"","src":"","width":0,"height":0},"classes":[]}],"_links":{"self":[{"href":"https:\/\/www.minutenzeiger.de\/index.php?rest_route=\/wp\/v2\/posts\/70"}],"collection":[{"href":"https:\/\/www.minutenzeiger.de\/index.php?rest_route=\/wp\/v2\/posts"}],"about":[{"href":"https:\/\/www.minutenzeiger.de\/index.php?rest_route=\/wp\/v2\/types\/post"}],"author":[{"embeddable":true,"href":"https:\/\/www.minutenzeiger.de\/index.php?rest_route=\/wp\/v2\/users\/1"}],"replies":[{"embeddable":true,"href":"https:\/\/www.minutenzeiger.de\/index.php?rest_route=%2Fwp%2Fv2%2Fcomments&post=70"}],"version-history":[{"count":1,"href":"https:\/\/www.minutenzeiger.de\/index.php?rest_route=\/wp\/v2\/posts\/70\/revisions"}],"predecessor-version":[{"id":71,"href":"https:\/\/www.minutenzeiger.de\/index.php?rest_route=\/wp\/v2\/posts\/70\/revisions\/71"}],"wp:attachment":[{"href":"https:\/\/www.minutenzeiger.de\/index.php?rest_route=%2Fwp%2Fv2%2Fmedia&parent=70"}],"wp:term":[{"taxonomy":"category","embeddable":true,"href":"https:\/\/www.minutenzeiger.de\/index.php?rest_route=%2Fwp%2Fv2%2Fcategories&post=70"},{"taxonomy":"post_tag","embeddable":true,"href":"https:\/\/www.minutenzeiger.de\/index.php?rest_route=%2Fwp%2Fv2%2Ftags&post=70"}],"curies":[{"name":"wp","href":"https:\/\/api.w.org\/{rel}","templated":true}]}}