{"id":698,"date":"2023-07-25T05:20:41","date_gmt":"2023-07-25T04:20:41","guid":{"rendered":"https:\/\/www.minutenzeiger.de\/?p=698"},"modified":"2023-07-25T05:20:41","modified_gmt":"2023-07-25T04:20:41","slug":"hitze-duerre-und-krieg-ernten-weltweit-bedroht-lebensmittelpreise-steigen","status":"publish","type":"post","link":"https:\/\/www.minutenzeiger.de\/?p=698","title":{"rendered":"Hitze, D\u00fcrre und Krieg: Ernten weltweit bedroht, Lebensmittelpreise steigen"},"content":{"rendered":"<blockquote><p>Indien verh\u00e4ngt einen Exportstopp f\u00fcr Reis, in S\u00fcdeuropa sind Ernten zerst\u00f6rt. Das sind die Vorboten steigender Lebensmittelpreise. Das sind die Hintergr\u00fcnde.<\/p><\/blockquote>\n<p>Quelle: <em><a href=\"https:\/\/www.telepolis.de\/features\/Hitze-Duerre-und-Krieg-Ernten-weltweit-bedroht-Lebensmittelpreise-steigen-9224346.html\">Hitze, D\u00fcrre und Krieg: Ernten weltweit bedroht, Lebensmittelpreise steigen<\/a><\/em><\/p>\n","protected":false},"excerpt":{"rendered":"<p>Indien verh\u00e4ngt einen Exportstopp f\u00fcr Reis, in S\u00fcdeuropa sind Ernten zerst\u00f6rt. Das sind die Vorboten steigender Lebensmittelpreise. Das sind die Hintergr\u00fcnde. Quelle: Hitze, D\u00fcrre und Krieg: Ernten weltweit bedroht, Lebensmittelpreise steigen<\/p>\n","protected":false},"author":1,"featured_media":0,"comment_status":"closed","ping_status":"open","sticky":false,"template":"","format":"standard","meta":{"jetpack_post_was_ever_published":false,"_jetpack_newsletter_access":"","_jetpack_newsletter_tier_id":0},"categories":[13,3,17],"tags":[],"jetpack_sharing_enabled":true,"jetpack_featured_media_url":"","jetpack_shortlink":"https:\/\/wp.me\/paAhe5-bg","jetpack-related-posts":[{"id":608,"url":"https:\/\/www.minutenzeiger.de\/?p=608","url_meta":{"origin":698,"position":0},"title":"K\u00fcnftige KI-Modelle potenziell von Demenz bedroht | heise online","author":"Gonmag","date":"7. Juli 2023","format":false,"excerpt":"Eine neue Studie befasst sich mit der Frage, wie es sich auf K\u00fcnstliche Intelligenz auswirkt, wenn sie k\u00fcnftig st\u00e4rker anhand von KI-generierten Texten lernt. Quelle: K\u00fcnftige KI-Modelle potenziell von Demenz bedroht | heise online","rel":"","context":"In &quot;AI\/KI&quot;","block_context":{"text":"AI\/KI","link":"https:\/\/www.minutenzeiger.de\/?cat=16"},"img":{"alt_text":"","src":"","width":0,"height":0},"classes":[]},{"id":864,"url":"https:\/\/www.minutenzeiger.de\/?p=864","url_meta":{"origin":698,"position":1},"title":"M\u00f6rderischer Marathon: Der lange Lauf zum schnellen Tod","author":"Gonmag","date":"14. September 2024","format":false,"excerpt":"Hitze ver\u00e4ndert den Sport massiv. Beim Marathon ist die Sorglosigkeit besonders verwunderlich. Wie viel Aufmerksamkeit sind uns die Opfer wert? Quelle: M\u00f6rderischer Marathon: Der lange Lauf zum schnellen Tod","rel":"","context":"In &quot;Gesellschaft&quot;","block_context":{"text":"Gesellschaft","link":"https:\/\/www.minutenzeiger.de\/?cat=3"},"img":{"alt_text":"","src":"","width":0,"height":0},"classes":[]},{"id":96,"url":"https:\/\/www.minutenzeiger.de\/?p=96","url_meta":{"origin":698,"position":2},"title":"Der Krieg soll immer weitergehen","author":"Gonmag","date":"17. Januar 2015","format":false,"excerpt":"Der Krieg soll immer weitergehen - Telepolis \/tp\/artikel\/43\/43819\/","rel":"","context":"In &quot;Gesellschaft&quot;","block_context":{"text":"Gesellschaft","link":"https:\/\/www.minutenzeiger.de\/?cat=3"},"img":{"alt_text":"","src":"","width":0,"height":0},"classes":[]},{"id":318,"url":"https:\/\/www.minutenzeiger.de\/?p=318","url_meta":{"origin":698,"position":3},"title":"Deutsche Bank: Gesch\u00e4fte mit dem Krieg","author":"Gonmag","date":"22. Juli 2015","format":false,"excerpt":"Deutsche Bank: Gesch\u00e4fte mit dem Krieg - Telepolis \/tp\/artikel\/45\/45506\/","rel":"","context":"In &quot;Gesellschaft&quot;","block_context":{"text":"Gesellschaft","link":"https:\/\/www.minutenzeiger.de\/?cat=3"},"img":{"alt_text":"","src":"","width":0,"height":0},"classes":[]},{"id":166,"url":"https:\/\/www.minutenzeiger.de\/?p=166","url_meta":{"origin":698,"position":4},"title":"Debatte \u00fcber Verschl\u00fcsselung: De Maizi\u00e8re erkl\u00e4rt sich selbst den Krypto-Krieg &#8211; SPIEGEL ONLINE","author":"Gonmag","date":"29. Januar 2015","format":false,"excerpt":"http:\/\/spon.de\/aeqjy","rel":"","context":"In &quot;Gesellschaft&quot;","block_context":{"text":"Gesellschaft","link":"https:\/\/www.minutenzeiger.de\/?cat=3"},"img":{"alt_text":"","src":"","width":0,"height":0},"classes":[]},{"id":942,"url":"https:\/\/www.minutenzeiger.de\/?p=942","url_meta":{"origin":698,"position":5},"title":"Deaf Performing &#8211; Musikdolmetschen f\u00fcr eine taube Community","author":"Gonmag","date":"17. April 2026","format":false,"excerpt":"Weltweit werden Songs auf der B\u00fchne mittlerweile in Geb\u00e4rdensprache \u00fcbersetzt. \"Deaf Performing\" gilt als Kunstform. Die geh\u00f6rlose Performerin Cindy Klink stand bereits mit Sting und Kylie Minogue auf der B\u00fchne. Von F. Schmidt. Quelle: Deaf Performing - Musikdolmetschen f\u00fcr eine taube Community","rel":"","context":"In &quot;Gesellschaft&quot;","block_context":{"text":"Gesellschaft","link":"https:\/\/www.minutenzeiger.de\/?cat=3"},"img":{"alt_text":"","src":"","width":0,"height":0},"classes":[]}],"_links":{"self":[{"href":"https:\/\/www.minutenzeiger.de\/index.php?rest_route=\/wp\/v2\/posts\/698"}],"collection":[{"href":"https:\/\/www.minutenzeiger.de\/index.php?rest_route=\/wp\/v2\/posts"}],"about":[{"href":"https:\/\/www.minutenzeiger.de\/index.php?rest_route=\/wp\/v2\/types\/post"}],"author":[{"embeddable":true,"href":"https:\/\/www.minutenzeiger.de\/index.php?rest_route=\/wp\/v2\/users\/1"}],"replies":[{"embeddable":true,"href":"https:\/\/www.minutenzeiger.de\/index.php?rest_route=%2Fwp%2Fv2%2Fcomments&post=698"}],"version-history":[{"count":1,"href":"https:\/\/www.minutenzeiger.de\/index.php?rest_route=\/wp\/v2\/posts\/698\/revisions"}],"predecessor-version":[{"id":699,"href":"https:\/\/www.minutenzeiger.de\/index.php?rest_route=\/wp\/v2\/posts\/698\/revisions\/699"}],"wp:attachment":[{"href":"https:\/\/www.minutenzeiger.de\/index.php?rest_route=%2Fwp%2Fv2%2Fmedia&parent=698"}],"wp:term":[{"taxonomy":"category","embeddable":true,"href":"https:\/\/www.minutenzeiger.de\/index.php?rest_route=%2Fwp%2Fv2%2Fcategories&post=698"},{"taxonomy":"post_tag","embeddable":true,"href":"https:\/\/www.minutenzeiger.de\/index.php?rest_route=%2Fwp%2Fv2%2Ftags&post=698"}],"curies":[{"name":"wp","href":"https:\/\/api.w.org\/{rel}","templated":true}]}}