{"id":68,"date":"2015-01-14T21:34:26","date_gmt":"2015-01-14T20:34:26","guid":{"rendered":"http:\/\/www.minutenzeiger.de\/?p=68"},"modified":"2015-01-14T21:34:26","modified_gmt":"2015-01-14T20:34:26","slug":"der-freie-wille-im-netz","status":"publish","type":"post","link":"https:\/\/www.minutenzeiger.de\/?p=68","title":{"rendered":"Der freie Wille im Netz"},"content":{"rendered":"<p>Der freie Wille im Netz &#8211; Telepolis \/tp\/artikel\/43\/43785\/<\/p>\n","protected":false},"excerpt":{"rendered":"<p>Der freie Wille im Netz &#8211; Telepolis \/tp\/artikel\/43\/43785\/<\/p>\n","protected":false},"author":1,"featured_media":0,"comment_status":"closed","ping_status":"open","sticky":false,"template":"","format":"standard","meta":{"jetpack_post_was_ever_published":false,"_jetpack_newsletter_access":"","_jetpack_newsletter_tier_id":0},"categories":[3],"tags":[],"jetpack_sharing_enabled":true,"jetpack_featured_media_url":"","jetpack_shortlink":"https:\/\/wp.me\/paAhe5-16","jetpack-related-posts":[{"id":510,"url":"https:\/\/www.minutenzeiger.de\/?p=510","url_meta":{"origin":68,"position":0},"title":"&#8222;Wer denkt, dass wir im Notfall einfach den Stecker ziehen k\u00f6nnen, der irrt sich&#8220;","author":"Gonmag","date":"6. Dezember 2015","format":false,"excerpt":"\"Wer denkt, dass wir im Notfall einfach den Stecker ziehen k\u00f6nnen, der irrt sich\" - Telepolis \/tp\/artikel\/46\/46764\/1.html","rel":"","context":"In &quot;Gesellschaft&quot;","block_context":{"text":"Gesellschaft","link":"https:\/\/www.minutenzeiger.de\/?cat=3"},"img":{"alt_text":"","src":"","width":0,"height":0},"classes":[]},{"id":16,"url":"https:\/\/www.minutenzeiger.de\/?p=16","url_meta":{"origin":68,"position":1},"title":"Gregor Gog, der &#8222;K\u00f6nig der Vagabunden&#8220;","author":"Gonmag","date":"4. Januar 2015","format":false,"excerpt":"Gregor Gog, der \"K\u00f6nig der Vagabunden\" - Telepolis \/tp\/artikel\/43\/43641\/","rel":"","context":"In &quot;Gesellschaft&quot;","block_context":{"text":"Gesellschaft","link":"https:\/\/www.minutenzeiger.de\/?cat=3"},"img":{"alt_text":"","src":"","width":0,"height":0},"classes":[]},{"id":72,"url":"https:\/\/www.minutenzeiger.de\/?p=72","url_meta":{"origin":68,"position":2},"title":"Der typische PEGIDA-Demonstrant geh\u00f6rt der Mittelschicht an","author":"Gonmag","date":"14. Januar 2015","format":false,"excerpt":"Der typische PEGIDA-Demonstrant geh\u00f6rt der Mittelschicht an - Telepolis \/tp\/artikel\/43\/43857\/","rel":"","context":"In &quot;Gesellschaft&quot;","block_context":{"text":"Gesellschaft","link":"https:\/\/www.minutenzeiger.de\/?cat=3"},"img":{"alt_text":"","src":"","width":0,"height":0},"classes":[]},{"id":96,"url":"https:\/\/www.minutenzeiger.de\/?p=96","url_meta":{"origin":68,"position":3},"title":"Der Krieg soll immer weitergehen","author":"Gonmag","date":"17. Januar 2015","format":false,"excerpt":"Der Krieg soll immer weitergehen - Telepolis \/tp\/artikel\/43\/43819\/","rel":"","context":"In &quot;Gesellschaft&quot;","block_context":{"text":"Gesellschaft","link":"https:\/\/www.minutenzeiger.de\/?cat=3"},"img":{"alt_text":"","src":"","width":0,"height":0},"classes":[]},{"id":100,"url":"https:\/\/www.minutenzeiger.de\/?p=100","url_meta":{"origin":68,"position":4},"title":"Die K\u00f6nigin der Folter","author":"Gonmag","date":"18. Januar 2015","format":false,"excerpt":"Die K\u00f6nigin der Folter - Telepolis \/tp\/artikel\/43\/43842\/","rel":"","context":"In &quot;Bielefeld&quot;","block_context":{"text":"Bielefeld","link":"https:\/\/www.minutenzeiger.de\/?cat=7"},"img":{"alt_text":"","src":"","width":0,"height":0},"classes":[]},{"id":230,"url":"https:\/\/www.minutenzeiger.de\/?p=230","url_meta":{"origin":68,"position":5},"title":"Wie viel Bank ben\u00f6tigt der B\u00fcrger?","author":"Gonmag","date":"17. Februar 2015","format":false,"excerpt":"Wie viel Bank ben\u00f6tigt der B\u00fcrger? - Telepolis \/tp\/artikel\/43\/43876\/","rel":"","context":"In &quot;Gesellschaft&quot;","block_context":{"text":"Gesellschaft","link":"https:\/\/www.minutenzeiger.de\/?cat=3"},"img":{"alt_text":"","src":"","width":0,"height":0},"classes":[]}],"_links":{"self":[{"href":"https:\/\/www.minutenzeiger.de\/index.php?rest_route=\/wp\/v2\/posts\/68"}],"collection":[{"href":"https:\/\/www.minutenzeiger.de\/index.php?rest_route=\/wp\/v2\/posts"}],"about":[{"href":"https:\/\/www.minutenzeiger.de\/index.php?rest_route=\/wp\/v2\/types\/post"}],"author":[{"embeddable":true,"href":"https:\/\/www.minutenzeiger.de\/index.php?rest_route=\/wp\/v2\/users\/1"}],"replies":[{"embeddable":true,"href":"https:\/\/www.minutenzeiger.de\/index.php?rest_route=%2Fwp%2Fv2%2Fcomments&post=68"}],"version-history":[{"count":1,"href":"https:\/\/www.minutenzeiger.de\/index.php?rest_route=\/wp\/v2\/posts\/68\/revisions"}],"predecessor-version":[{"id":69,"href":"https:\/\/www.minutenzeiger.de\/index.php?rest_route=\/wp\/v2\/posts\/68\/revisions\/69"}],"wp:attachment":[{"href":"https:\/\/www.minutenzeiger.de\/index.php?rest_route=%2Fwp%2Fv2%2Fmedia&parent=68"}],"wp:term":[{"taxonomy":"category","embeddable":true,"href":"https:\/\/www.minutenzeiger.de\/index.php?rest_route=%2Fwp%2Fv2%2Fcategories&post=68"},{"taxonomy":"post_tag","embeddable":true,"href":"https:\/\/www.minutenzeiger.de\/index.php?rest_route=%2Fwp%2Fv2%2Ftags&post=68"}],"curies":[{"name":"wp","href":"https:\/\/api.w.org\/{rel}","templated":true}]}}