{"id":677,"date":"2023-07-11T05:23:05","date_gmt":"2023-07-11T04:23:05","guid":{"rendered":"https:\/\/www.minutenzeiger.de\/?p=677"},"modified":"2023-07-11T05:23:05","modified_gmt":"2023-07-11T04:23:05","slug":"vorschlaege-des-buergerrats-der-weg-zu-einer-gerechteren-bildung","status":"publish","type":"post","link":"https:\/\/www.minutenzeiger.de\/?p=677","title":{"rendered":"Vorschl\u00e4ge des B\u00fcrgerrats: Der Weg zu einer gerechteren Bildung"},"content":{"rendered":"<blockquote><p>Der bundesweite B\u00fcrgerrat Bildung und Lernen hat eine Reihe von Empfehlungen vorgestellt, wie mehr Chancengleichheit im Bildungssystem zu erreichen ist. Die zentrale Formel des Gremiums lautet: fr\u00fcher, besser und l\u00e4nger gemeinsam lernen. Von Oda Tischewski.<\/p><\/blockquote>\n<p>Quelle: <em><a href=\"https:\/\/www.tagesschau.de\/inland\/buergerrat-empfehlungen-lernen-100.html\">Vorschl\u00e4ge des B\u00fcrgerrats: Der Weg zu einer gerechteren Bildung<\/a><\/em><\/p>\n","protected":false},"excerpt":{"rendered":"<p>Der bundesweite B\u00fcrgerrat Bildung und Lernen hat eine Reihe von Empfehlungen vorgestellt, wie mehr Chancengleichheit im Bildungssystem zu erreichen ist. Die zentrale Formel des Gremiums lautet: fr\u00fcher, besser und l\u00e4nger gemeinsam lernen. Von Oda Tischewski. Quelle: Vorschl\u00e4ge des B\u00fcrgerrats: Der Weg zu einer gerechteren Bildung<\/p>\n","protected":false},"author":1,"featured_media":0,"comment_status":"closed","ping_status":"open","sticky":false,"template":"","format":"standard","meta":{"jetpack_post_was_ever_published":false,"_jetpack_newsletter_access":"","_jetpack_newsletter_tier_id":0},"categories":[21,3],"tags":[],"jetpack_sharing_enabled":true,"jetpack_featured_media_url":"","jetpack_shortlink":"https:\/\/wp.me\/paAhe5-aV","jetpack-related-posts":[{"id":730,"url":"https:\/\/www.minutenzeiger.de\/?p=730","url_meta":{"origin":677,"position":0},"title":"Lesen lernen: Was spricht f\u00fcr das Buch, was f\u00fcr den Bildschirm?","author":"Gonmag","date":"11. August 2023","format":false,"excerpt":"Digitale Medien ver\u00e4ndern, wie wir lesen \u2013 und wie Kinder in der Schule lesen lernen. Ob das nun gut ist oder schlecht, h\u00e4ngt nicht nur von der Dosis ab. Quelle: Lesen lernen: Was spricht f\u00fcr das Buch, was f\u00fcr den Bildschirm?","rel":"","context":"In &quot;Bildung&quot;","block_context":{"text":"Bildung","link":"https:\/\/www.minutenzeiger.de\/?cat=21"},"img":{"alt_text":"","src":"","width":0,"height":0},"classes":[]},{"id":858,"url":"https:\/\/www.minutenzeiger.de\/?p=858","url_meta":{"origin":677,"position":1},"title":"Kann man Transformation lernen?: Im Klassenzimmer der Zukunft","author":"Gonmag","date":"28. August 2024","format":false,"excerpt":"Der Lehrer Philip Elsen baut mit seinen Sch\u00fcler*innen das erste Klassenzimmer nach Kriterien der Kreislaufwirtschaft \u2013 Besuch im Raum R.55 am Berliner Beethoven-Gymnasium. Quelle: Kann man Transformation lernen?: Im Klassenzimmer der Zukunft","rel":"","context":"In &quot;Bildung&quot;","block_context":{"text":"Bildung","link":"https:\/\/www.minutenzeiger.de\/?cat=21"},"img":{"alt_text":"","src":"","width":0,"height":0},"classes":[]},{"id":915,"url":"https:\/\/www.minutenzeiger.de\/?p=915","url_meta":{"origin":677,"position":2},"title":"KI verbreitet Fake-Beziehung zwischen Kontra K und einer Journalistin | taz.de","author":"Gonmag","date":"20. November 2025","format":false,"excerpt":"Automatisierte Nachrichtenseiten erfinden die Beziehung einer Journalistin zu einem Rapper. Und zeigen, wie gef\u00e4hrlich KI f\u00fcr den Journalismus ist. Quelle: KI verbreitet Fake-Beziehung zwischen Kontra K und einer Journalistin | taz.de","rel":"","context":"In &quot;AI\/KI&quot;","block_context":{"text":"AI\/KI","link":"https:\/\/www.minutenzeiger.de\/?cat=16"},"img":{"alt_text":"","src":"","width":0,"height":0},"classes":[]},{"id":356,"url":"https:\/\/www.minutenzeiger.de\/?p=356","url_meta":{"origin":677,"position":3},"title":"Digitale Bildung &#8211; eine L\u00fcge?","author":"Gonmag","date":"4. August 2015","format":false,"excerpt":"Digitale Bildung - eine L\u00fcge? - Telepolis \/tp\/artikel\/45\/45572\/","rel":"","context":"In &quot;Gesellschaft&quot;","block_context":{"text":"Gesellschaft","link":"https:\/\/www.minutenzeiger.de\/?cat=3"},"img":{"alt_text":"","src":"","width":0,"height":0},"classes":[]},{"id":759,"url":"https:\/\/www.minutenzeiger.de\/?p=759","url_meta":{"origin":677,"position":4},"title":"B\u00fcrgergeld und Kindergrundsicherung: Vorsicht, vergiftete Erz\u00e4hlungen! &#8211; taz.de","author":"Gonmag","date":"4. September 2023","format":false,"excerpt":"Nur sehr wenige richten sich mit einer Kombi aus Schwarzarbeit und staatlichen Hilfen ein. Die Hunderttausenden Bed\u00fcrftigen sollten daf\u00fcr nicht in Geiselhaft genommen werden. Quelle: B\u00fcrgergeld und Kindergrundsicherung: Vorsicht, vergiftete Erz\u00e4hlungen! - taz.de","rel":"","context":"In &quot;Bildung&quot;","block_context":{"text":"Bildung","link":"https:\/\/www.minutenzeiger.de\/?cat=21"},"img":{"alt_text":"","src":"","width":0,"height":0},"classes":[]},{"id":932,"url":"https:\/\/www.minutenzeiger.de\/?p=932","url_meta":{"origin":677,"position":5},"title":"Medienforscherin kritisiert ein generelles Social-Media-Verbot | heise online","author":"Gonmag","date":"12. M\u00e4rz 2026","format":false,"excerpt":"Analoge Probleme lassen sich nicht mit einem digitalen Verbot beheben und die Alterskontrolle funktioniert nicht wie an der Kasse. Quelle: Medienforscherin kritisiert ein generelles Social-Media-Verbot | heise online","rel":"","context":"In &quot;AI\/KI&quot;","block_context":{"text":"AI\/KI","link":"https:\/\/www.minutenzeiger.de\/?cat=16"},"img":{"alt_text":"","src":"","width":0,"height":0},"classes":[]}],"_links":{"self":[{"href":"https:\/\/www.minutenzeiger.de\/index.php?rest_route=\/wp\/v2\/posts\/677"}],"collection":[{"href":"https:\/\/www.minutenzeiger.de\/index.php?rest_route=\/wp\/v2\/posts"}],"about":[{"href":"https:\/\/www.minutenzeiger.de\/index.php?rest_route=\/wp\/v2\/types\/post"}],"author":[{"embeddable":true,"href":"https:\/\/www.minutenzeiger.de\/index.php?rest_route=\/wp\/v2\/users\/1"}],"replies":[{"embeddable":true,"href":"https:\/\/www.minutenzeiger.de\/index.php?rest_route=%2Fwp%2Fv2%2Fcomments&post=677"}],"version-history":[{"count":1,"href":"https:\/\/www.minutenzeiger.de\/index.php?rest_route=\/wp\/v2\/posts\/677\/revisions"}],"predecessor-version":[{"id":678,"href":"https:\/\/www.minutenzeiger.de\/index.php?rest_route=\/wp\/v2\/posts\/677\/revisions\/678"}],"wp:attachment":[{"href":"https:\/\/www.minutenzeiger.de\/index.php?rest_route=%2Fwp%2Fv2%2Fmedia&parent=677"}],"wp:term":[{"taxonomy":"category","embeddable":true,"href":"https:\/\/www.minutenzeiger.de\/index.php?rest_route=%2Fwp%2Fv2%2Fcategories&post=677"},{"taxonomy":"post_tag","embeddable":true,"href":"https:\/\/www.minutenzeiger.de\/index.php?rest_route=%2Fwp%2Fv2%2Ftags&post=677"}],"curies":[{"name":"wp","href":"https:\/\/api.w.org\/{rel}","templated":true}]}}