{"id":671,"date":"2023-07-11T05:16:44","date_gmt":"2023-07-11T04:16:44","guid":{"rendered":"https:\/\/www.minutenzeiger.de\/?p=671"},"modified":"2023-07-11T05:16:44","modified_gmt":"2023-07-11T04:16:44","slug":"quantum-physics-in-a-leaf-scientists-discover-link-between-photosynthesis-and-the-fifth-state-of-matter","status":"publish","type":"post","link":"https:\/\/www.minutenzeiger.de\/?p=671","title":{"rendered":"Quantum Physics in a Leaf? Scientists Discover Link Between Photosynthesis and the \u201cFifth State of Matter\u201d"},"content":{"rendered":"<blockquote><p>UChicago researchers hope &#8222;islands&#8220; of exciton condensation could pave the way for new discoveries. Inside a lab, scientists marvel at a strange state that forms when they cool down atoms to nearly absolute zero. Meanwhile, just outside their window, trees are absorbing sunlight and converting it<\/p><\/blockquote>\n<p>Quelle: <em><a href=\"https:\/\/scitechdaily.com\/quantum-physics-in-a-leaf-scientists-discover-link-between-photosynthesis-and-the-fifth-state-of-matter\/\">Quantum Physics in a Leaf? Scientists Discover Link Between Photosynthesis and the \u201cFifth State of Matter\u201d<\/a><\/em><\/p>\n","protected":false},"excerpt":{"rendered":"<p>UChicago researchers hope &#8222;islands&#8220; of exciton condensation could pave the way for new discoveries. Inside a lab, scientists marvel at a strange state that forms when they cool down atoms to nearly absolute zero. Meanwhile, just outside their window, trees are absorbing sunlight and converting it Quelle: Quantum Physics in a Leaf? Scientists Discover Link [&hellip;]<\/p>\n","protected":false},"author":1,"featured_media":0,"comment_status":"closed","ping_status":"open","sticky":false,"template":"","format":"standard","meta":{"jetpack_post_was_ever_published":false,"_jetpack_newsletter_access":"","_jetpack_newsletter_tier_id":0},"categories":[12],"tags":[],"jetpack_sharing_enabled":true,"jetpack_featured_media_url":"","jetpack_shortlink":"https:\/\/wp.me\/paAhe5-aP","jetpack-related-posts":[{"id":753,"url":"https:\/\/www.minutenzeiger.de\/?p=753","url_meta":{"origin":671,"position":0},"title":"Quantum supremacy explained &#8211; Big Think","author":"Gonmag","date":"4. September 2023","format":false,"excerpt":"Can quantum computers do things that standard, classical computers can't? No. But if they can calculate faster, that's quantum supremacy. Quelle: Quantum supremacy explained - Big Think","rel":"","context":"In &quot;IT&quot;","block_context":{"text":"IT","link":"https:\/\/www.minutenzeiger.de\/?cat=11"},"img":{"alt_text":"","src":"","width":0,"height":0},"classes":[]},{"id":898,"url":"https:\/\/www.minutenzeiger.de\/?p=898","url_meta":{"origin":671,"position":1},"title":"\u2018Unprecedented risk\u2019 to life on Earth: Scientists call for halt on \u2018mirror life\u2019 microbe research","author":"Gonmag","date":"13. Dezember 2024","format":false,"excerpt":"Experts warn that mirror bacteria, constructed from mirror images of molecules found in nature, could put humans, animals and plants at risk of lethal infections Quelle: \u2018Unprecedented risk\u2019 to life on Earth: Scientists call for halt on \u2018mirror life\u2019 microbe research","rel":"","context":"In &quot;Gesundheit&quot;","block_context":{"text":"Gesundheit","link":"https:\/\/www.minutenzeiger.de\/?cat=10"},"img":{"alt_text":"","src":"","width":0,"height":0},"classes":[]},{"id":884,"url":"https:\/\/www.minutenzeiger.de\/?p=884","url_meta":{"origin":671,"position":2},"title":"Quantenradieren wider den Zeitstrom (Teil 1): Unergr\u00fcndliche Wege der Photonen","author":"Gonmag","date":"29. September 2024","format":false,"excerpt":"Kann der \"Delayed Choice Quantum Eraser\" in der Quantenwelt r\u00fcckwirkend Entscheidungen \u00e4ndern? Ein Blick auf den Welle-Teilchen-Dualismus hilft beim Verst\u00e4ndnis Quelle: Quantenradieren wider den Zeitstrom (Teil 1): Unergr\u00fcndliche Wege der Photonen","rel":"","context":"In &quot;Wissenschaft&quot;","block_context":{"text":"Wissenschaft","link":"https:\/\/www.minutenzeiger.de\/?cat=12"},"img":{"alt_text":"","src":"","width":0,"height":0},"classes":[]},{"id":895,"url":"https:\/\/www.minutenzeiger.de\/?p=895","url_meta":{"origin":671,"position":3},"title":"Missing Link: Ist das Ende der Killerspiel-Debatte erreicht?","author":"Gonmag","date":"18. November 2024","format":false,"excerpt":"Gamer der ersten Stunde kennen ihn seit Jahrzehnten: Den Streit \u00fcber Gewalt in Computerspielen. Die Forschung ist heute weiter. Zeit, die Debatte zu beenden. Quelle: Missing Link: Ist das Ende der Killerspiel-Debatte erreicht?","rel":"","context":"In &quot;Gesellschaft&quot;","block_context":{"text":"Gesellschaft","link":"https:\/\/www.minutenzeiger.de\/?cat=3"},"img":{"alt_text":"","src":"","width":0,"height":0},"classes":[]},{"id":5,"url":"https:\/\/www.minutenzeiger.de\/?p=5","url_meta":{"origin":671,"position":4},"title":"Tagesschau: Ulrich Beck ist tot","author":"Gonmag","date":"3. Januar 2015","format":false,"excerpt":"Interessanter Artikel der Tagesschau: Titel: Ulrich Beck ist tot Kurztext: Der deutsche Soziologe Ulrich Beck ist gestorben. Nach Informationen der \"S\u00fcddeutschen Zeitung\" starb er an den Folgen eines Herzinfarkts. Beck wurde 70 Jahre alt. Der Soziologe pr\u00e4gte den Begriff der \"Risikogesellschaft\". Link: http:\/\/www.tagesschau.de\/inland\/ulrich-beck-gestorben-101.html Die App der Tagesschau zum Download: http:\/\/www.tagesschau.de\/app\/","rel":"","context":"In &quot;Menschen&quot;","block_context":{"text":"Menschen","link":"https:\/\/www.minutenzeiger.de\/?cat=2"},"img":{"alt_text":"","src":"","width":0,"height":0},"classes":[]},{"id":779,"url":"https:\/\/www.minutenzeiger.de\/?p=779","url_meta":{"origin":671,"position":5},"title":"\u2018The only thing we can\u2019t do is sign autographs\u2019: The rise of virtual K-pop bands | CNN","author":"Gonmag","date":"5. Oktober 2023","format":false,"excerpt":"K-pop bands created using AI technology are pushing the boundary between real and virtual entertainment. Quelle: \u2018The only thing we can\u2019t do is sign autographs\u2019: The rise of virtual K-pop bands | CNN","rel":"","context":"In &quot;AI\/KI&quot;","block_context":{"text":"AI\/KI","link":"https:\/\/www.minutenzeiger.de\/?cat=16"},"img":{"alt_text":"","src":"","width":0,"height":0},"classes":[]}],"_links":{"self":[{"href":"https:\/\/www.minutenzeiger.de\/index.php?rest_route=\/wp\/v2\/posts\/671"}],"collection":[{"href":"https:\/\/www.minutenzeiger.de\/index.php?rest_route=\/wp\/v2\/posts"}],"about":[{"href":"https:\/\/www.minutenzeiger.de\/index.php?rest_route=\/wp\/v2\/types\/post"}],"author":[{"embeddable":true,"href":"https:\/\/www.minutenzeiger.de\/index.php?rest_route=\/wp\/v2\/users\/1"}],"replies":[{"embeddable":true,"href":"https:\/\/www.minutenzeiger.de\/index.php?rest_route=%2Fwp%2Fv2%2Fcomments&post=671"}],"version-history":[{"count":1,"href":"https:\/\/www.minutenzeiger.de\/index.php?rest_route=\/wp\/v2\/posts\/671\/revisions"}],"predecessor-version":[{"id":672,"href":"https:\/\/www.minutenzeiger.de\/index.php?rest_route=\/wp\/v2\/posts\/671\/revisions\/672"}],"wp:attachment":[{"href":"https:\/\/www.minutenzeiger.de\/index.php?rest_route=%2Fwp%2Fv2%2Fmedia&parent=671"}],"wp:term":[{"taxonomy":"category","embeddable":true,"href":"https:\/\/www.minutenzeiger.de\/index.php?rest_route=%2Fwp%2Fv2%2Fcategories&post=671"},{"taxonomy":"post_tag","embeddable":true,"href":"https:\/\/www.minutenzeiger.de\/index.php?rest_route=%2Fwp%2Fv2%2Ftags&post=671"}],"curies":[{"name":"wp","href":"https:\/\/api.w.org\/{rel}","templated":true}]}}