{"id":668,"date":"2023-07-10T21:01:57","date_gmt":"2023-07-10T20:01:57","guid":{"rendered":"https:\/\/www.minutenzeiger.de\/?p=668"},"modified":"2023-07-10T21:01:57","modified_gmt":"2023-07-10T20:01:57","slug":"haeusliche-gewalt-fast-160-000-opfer-im-vergangenen-jahr","status":"publish","type":"post","link":"https:\/\/www.minutenzeiger.de\/?p=668","title":{"rendered":"H\u00e4usliche Gewalt: Fast 160.000 Opfer im vergangenen Jahr"},"content":{"rendered":"<blockquote><p>Gewaltt\u00e4tige \u00dcbergriffe in den eigenen vier W\u00e4nden: Dazu kommt es in Deutschland immer \u00f6fter. Im vergangenen Jahr haben die Fallzahlen um 9,4 Prozent zugenommen. Innenministerin Faeser setzt deshalb auf ein neues Bewusstsein in der Gesellschaft.<\/p><\/blockquote>\n<p>Quelle: <em><a href=\"https:\/\/www.br.de\/nachrichten\/deutschland-welt\/haeusliche-gewalt-fast-160-000-opfer-im-vergangenen-jahr,TjUce8P\">H\u00e4usliche Gewalt: Fast 160.000 Opfer im vergangenen Jahr<\/a><\/em><\/p>\n","protected":false},"excerpt":{"rendered":"<p>Gewaltt\u00e4tige \u00dcbergriffe in den eigenen vier W\u00e4nden: Dazu kommt es in Deutschland immer \u00f6fter. Im vergangenen Jahr haben die Fallzahlen um 9,4 Prozent zugenommen. Innenministerin Faeser setzt deshalb auf ein neues Bewusstsein in der Gesellschaft. Quelle: H\u00e4usliche Gewalt: Fast 160.000 Opfer im vergangenen Jahr<\/p>\n","protected":false},"author":1,"featured_media":0,"comment_status":"closed","ping_status":"open","sticky":false,"template":"","format":"standard","meta":{"jetpack_post_was_ever_published":false,"_jetpack_newsletter_access":"","_jetpack_newsletter_tier_id":0},"categories":[3],"tags":[],"jetpack_sharing_enabled":true,"jetpack_featured_media_url":"","jetpack_shortlink":"https:\/\/wp.me\/paAhe5-aM","jetpack-related-posts":[{"id":864,"url":"https:\/\/www.minutenzeiger.de\/?p=864","url_meta":{"origin":668,"position":0},"title":"M\u00f6rderischer Marathon: Der lange Lauf zum schnellen Tod","author":"Gonmag","date":"14. September 2024","format":false,"excerpt":"Hitze ver\u00e4ndert den Sport massiv. Beim Marathon ist die Sorglosigkeit besonders verwunderlich. Wie viel Aufmerksamkeit sind uns die Opfer wert? Quelle: M\u00f6rderischer Marathon: Der lange Lauf zum schnellen Tod","rel":"","context":"In &quot;Gesellschaft&quot;","block_context":{"text":"Gesellschaft","link":"https:\/\/www.minutenzeiger.de\/?cat=3"},"img":{"alt_text":"","src":"","width":0,"height":0},"classes":[]},{"id":895,"url":"https:\/\/www.minutenzeiger.de\/?p=895","url_meta":{"origin":668,"position":1},"title":"Missing Link: Ist das Ende der Killerspiel-Debatte erreicht?","author":"Gonmag","date":"18. November 2024","format":false,"excerpt":"Gamer der ersten Stunde kennen ihn seit Jahrzehnten: Den Streit \u00fcber Gewalt in Computerspielen. Die Forschung ist heute weiter. Zeit, die Debatte zu beenden. Quelle: Missing Link: Ist das Ende der Killerspiel-Debatte erreicht?","rel":"","context":"In &quot;Gesellschaft&quot;","block_context":{"text":"Gesellschaft","link":"https:\/\/www.minutenzeiger.de\/?cat=3"},"img":{"alt_text":"","src":"","width":0,"height":0},"classes":[]},{"id":120,"url":"https:\/\/www.minutenzeiger.de\/?p=120","url_meta":{"origin":668,"position":2},"title":"Homeless oder Beauty im Digitalen","author":"Gonmag","date":"19. Januar 2015","format":false,"excerpt":"Homeless oder Beauty im Digitalen - Telepolis http:\/\/heise.de\/-2518056","rel":"","context":"In &quot;Gesellschaft&quot;","block_context":{"text":"Gesellschaft","link":"https:\/\/www.minutenzeiger.de\/?cat=3"},"img":{"alt_text":"","src":"","width":0,"height":0},"classes":[]},{"id":252,"url":"https:\/\/www.minutenzeiger.de\/?p=252","url_meta":{"origin":668,"position":3},"title":"Die Welt im Erd\u00f6lrausch","author":"Gonmag","date":"12. Juni 2015","format":false,"excerpt":"Die Welt im Erd\u00f6lrausch - Telepolis \/tp\/artikel\/45\/45127\/","rel":"","context":"In &quot;Gesellschaft&quot;","block_context":{"text":"Gesellschaft","link":"https:\/\/www.minutenzeiger.de\/?cat=3"},"img":{"alt_text":"","src":"","width":0,"height":0},"classes":[]},{"id":68,"url":"https:\/\/www.minutenzeiger.de\/?p=68","url_meta":{"origin":668,"position":4},"title":"Der freie Wille im Netz","author":"Gonmag","date":"14. Januar 2015","format":false,"excerpt":"Der freie Wille im Netz - Telepolis \/tp\/artikel\/43\/43785\/","rel":"","context":"In &quot;Gesellschaft&quot;","block_context":{"text":"Gesellschaft","link":"https:\/\/www.minutenzeiger.de\/?cat=3"},"img":{"alt_text":"","src":"","width":0,"height":0},"classes":[]},{"id":84,"url":"https:\/\/www.minutenzeiger.de\/?p=84","url_meta":{"origin":668,"position":5},"title":"In den Medien muss sich fast alles \u00e4ndern","author":"Gonmag","date":"16. Januar 2015","format":false,"excerpt":"In den Medien muss sich fast alles \u00e4ndern - Telepolis \/tp\/artikel\/43\/43837\/","rel":"","context":"In &quot;Gesellschaft&quot;","block_context":{"text":"Gesellschaft","link":"https:\/\/www.minutenzeiger.de\/?cat=3"},"img":{"alt_text":"","src":"","width":0,"height":0},"classes":[]}],"_links":{"self":[{"href":"https:\/\/www.minutenzeiger.de\/index.php?rest_route=\/wp\/v2\/posts\/668"}],"collection":[{"href":"https:\/\/www.minutenzeiger.de\/index.php?rest_route=\/wp\/v2\/posts"}],"about":[{"href":"https:\/\/www.minutenzeiger.de\/index.php?rest_route=\/wp\/v2\/types\/post"}],"author":[{"embeddable":true,"href":"https:\/\/www.minutenzeiger.de\/index.php?rest_route=\/wp\/v2\/users\/1"}],"replies":[{"embeddable":true,"href":"https:\/\/www.minutenzeiger.de\/index.php?rest_route=%2Fwp%2Fv2%2Fcomments&post=668"}],"version-history":[{"count":1,"href":"https:\/\/www.minutenzeiger.de\/index.php?rest_route=\/wp\/v2\/posts\/668\/revisions"}],"predecessor-version":[{"id":669,"href":"https:\/\/www.minutenzeiger.de\/index.php?rest_route=\/wp\/v2\/posts\/668\/revisions\/669"}],"wp:attachment":[{"href":"https:\/\/www.minutenzeiger.de\/index.php?rest_route=%2Fwp%2Fv2%2Fmedia&parent=668"}],"wp:term":[{"taxonomy":"category","embeddable":true,"href":"https:\/\/www.minutenzeiger.de\/index.php?rest_route=%2Fwp%2Fv2%2Fcategories&post=668"},{"taxonomy":"post_tag","embeddable":true,"href":"https:\/\/www.minutenzeiger.de\/index.php?rest_route=%2Fwp%2Fv2%2Ftags&post=668"}],"curies":[{"name":"wp","href":"https:\/\/api.w.org\/{rel}","templated":true}]}}