{"id":660,"date":"2023-07-10T20:56:51","date_gmt":"2023-07-10T19:56:51","guid":{"rendered":"https:\/\/www.minutenzeiger.de\/?p=660"},"modified":"2023-07-10T20:56:51","modified_gmt":"2023-07-10T19:56:51","slug":"heissester-tag-die-inflation-der-rekorde-im-klimawandel-ergibt-wenig-sinn","status":"publish","type":"post","link":"https:\/\/www.minutenzeiger.de\/?p=660","title":{"rendered":"Heissester Tag: Die Inflation der Rekorde im Klimawandel ergibt wenig Sinn"},"content":{"rendered":"<blockquote><p>Fachleute verfolgen die Erderw\u00e4rmung anhand von langfristig gemittelten Messdaten. Um den Klimawandel besorgniserregend zu finden, muss man nicht auf H\u00f6chstmarken einzelner Tage schauen.<\/p><\/blockquote>\n<p>Quelle: <em><a href=\"https:\/\/www.nzz.ch\/meinung\/heissester-tag-die-inflation-der-rekorde-im-klimawandel-ergibt-wenig-sinn-ld.1746572\">Heissester Tag: Die Inflation der Rekorde im Klimawandel ergibt wenig Sinn<\/a><\/em><\/p>\n","protected":false},"excerpt":{"rendered":"<p>Fachleute verfolgen die Erderw\u00e4rmung anhand von langfristig gemittelten Messdaten. Um den Klimawandel besorgniserregend zu finden, muss man nicht auf H\u00f6chstmarken einzelner Tage schauen. Quelle: Heissester Tag: Die Inflation der Rekorde im Klimawandel ergibt wenig Sinn<\/p>\n","protected":false},"author":1,"featured_media":0,"comment_status":"closed","ping_status":"open","sticky":false,"template":"","format":"standard","meta":{"jetpack_post_was_ever_published":false,"_jetpack_newsletter_access":"","_jetpack_newsletter_tier_id":0},"categories":[17],"tags":[],"jetpack_sharing_enabled":true,"jetpack_featured_media_url":"","jetpack_shortlink":"https:\/\/wp.me\/paAhe5-aE","jetpack-related-posts":[{"id":632,"url":"https:\/\/www.minutenzeiger.de\/?p=632","url_meta":{"origin":660,"position":0},"title":"Nein, Deutschland beeinflusst nicht nur 0,000028 Prozent des weltweiten CO2-Aussto\u00dfes","author":"Gonmag","date":"9. Juli 2023","format":false,"excerpt":"Die von Robert Farle, fraktionsloses Bundestag-Mitglied, aufgestellte Rechnung zum Klimawandel ist falsch. Deutschlands CO2-Anteil liegt h\u00f6her. Quelle: Nein, Deutschland beeinflusst nicht nur 0,000028 Prozent des weltweiten CO2-Aussto\u00dfes","rel":"","context":"In &quot;Klima&quot;","block_context":{"text":"Klima","link":"https:\/\/www.minutenzeiger.de\/?cat=17"},"img":{"alt_text":"","src":"","width":0,"height":0},"classes":[]},{"id":892,"url":"https:\/\/www.minutenzeiger.de\/?p=892","url_meta":{"origin":660,"position":1},"title":"60 Jahre CED: Wie Bildplatten einen Weltkonzern ruinierten\u200b","author":"Gonmag","date":"19. Oktober 2024","format":false,"excerpt":"Im Streaming-Zeitalter bezweifeln viele Nutzer den Sinn physischer Unterhaltungsmedien. Aber die waren nicht der Grund der spektakul\u00e4ren RCA-Pleite.\u200b Quelle: 60 Jahre CED: Wie Bildplatten einen Weltkonzern ruinierten\u200b","rel":"","context":"In &quot;IT&quot;","block_context":{"text":"IT","link":"https:\/\/www.minutenzeiger.de\/?cat=11"},"img":{"alt_text":"","src":"","width":0,"height":0},"classes":[]},{"id":14,"url":"https:\/\/www.minutenzeiger.de\/?p=14","url_meta":{"origin":660,"position":2},"title":"Hans-Werner Sinn \u00fcber Einwanderer: &#8222;Ich vermute per Saldo immer noch einen gro\u00dfen Gewinn&#8220; &#8211; SPIEGEL ONLINE","author":"Gonmag","date":"3. Januar 2015","format":false,"excerpt":"http:\/\/spon.de\/aepcZ","rel":"","context":"In &quot;Gesellschaft&quot;","block_context":{"text":"Gesellschaft","link":"https:\/\/www.minutenzeiger.de\/?cat=3"},"img":{"alt_text":"","src":"","width":0,"height":0},"classes":[]},{"id":470,"url":"https:\/\/www.minutenzeiger.de\/?p=470","url_meta":{"origin":660,"position":3},"title":"&#8222;Inflation institutionalisierter Rechthaberei&#8220;","author":"Gonmag","date":"14. Oktober 2015","format":false,"excerpt":"\"Inflation institutionalisierter Rechthaberei\" - Telepolis \/tp\/artikel\/46\/46254\/","rel":"","context":"In &quot;Gesellschaft&quot;","block_context":{"text":"Gesellschaft","link":"https:\/\/www.minutenzeiger.de\/?cat=3"},"img":{"alt_text":"","src":"","width":0,"height":0},"classes":[]},{"id":668,"url":"https:\/\/www.minutenzeiger.de\/?p=668","url_meta":{"origin":660,"position":4},"title":"H\u00e4usliche Gewalt: Fast 160.000 Opfer im vergangenen Jahr","author":"Gonmag","date":"10. Juli 2023","format":false,"excerpt":"Gewaltt\u00e4tige \u00dcbergriffe in den eigenen vier W\u00e4nden: Dazu kommt es in Deutschland immer \u00f6fter. Im vergangenen Jahr haben die Fallzahlen um 9,4 Prozent zugenommen. Innenministerin Faeser setzt deshalb auf ein neues Bewusstsein in der Gesellschaft. Quelle: H\u00e4usliche Gewalt: Fast 160.000 Opfer im vergangenen Jahr","rel":"","context":"In &quot;Gesellschaft&quot;","block_context":{"text":"Gesellschaft","link":"https:\/\/www.minutenzeiger.de\/?cat=3"},"img":{"alt_text":"","src":"","width":0,"height":0},"classes":[]},{"id":677,"url":"https:\/\/www.minutenzeiger.de\/?p=677","url_meta":{"origin":660,"position":5},"title":"Vorschl\u00e4ge des B\u00fcrgerrats: Der Weg zu einer gerechteren Bildung","author":"Gonmag","date":"11. Juli 2023","format":false,"excerpt":"Der bundesweite B\u00fcrgerrat Bildung und Lernen hat eine Reihe von Empfehlungen vorgestellt, wie mehr Chancengleichheit im Bildungssystem zu erreichen ist. Die zentrale Formel des Gremiums lautet: fr\u00fcher, besser und l\u00e4nger gemeinsam lernen. Von Oda Tischewski. Quelle: Vorschl\u00e4ge des B\u00fcrgerrats: Der Weg zu einer gerechteren Bildung","rel":"","context":"In &quot;Bildung&quot;","block_context":{"text":"Bildung","link":"https:\/\/www.minutenzeiger.de\/?cat=21"},"img":{"alt_text":"","src":"","width":0,"height":0},"classes":[]}],"_links":{"self":[{"href":"https:\/\/www.minutenzeiger.de\/index.php?rest_route=\/wp\/v2\/posts\/660"}],"collection":[{"href":"https:\/\/www.minutenzeiger.de\/index.php?rest_route=\/wp\/v2\/posts"}],"about":[{"href":"https:\/\/www.minutenzeiger.de\/index.php?rest_route=\/wp\/v2\/types\/post"}],"author":[{"embeddable":true,"href":"https:\/\/www.minutenzeiger.de\/index.php?rest_route=\/wp\/v2\/users\/1"}],"replies":[{"embeddable":true,"href":"https:\/\/www.minutenzeiger.de\/index.php?rest_route=%2Fwp%2Fv2%2Fcomments&post=660"}],"version-history":[{"count":1,"href":"https:\/\/www.minutenzeiger.de\/index.php?rest_route=\/wp\/v2\/posts\/660\/revisions"}],"predecessor-version":[{"id":661,"href":"https:\/\/www.minutenzeiger.de\/index.php?rest_route=\/wp\/v2\/posts\/660\/revisions\/661"}],"wp:attachment":[{"href":"https:\/\/www.minutenzeiger.de\/index.php?rest_route=%2Fwp%2Fv2%2Fmedia&parent=660"}],"wp:term":[{"taxonomy":"category","embeddable":true,"href":"https:\/\/www.minutenzeiger.de\/index.php?rest_route=%2Fwp%2Fv2%2Fcategories&post=660"},{"taxonomy":"post_tag","embeddable":true,"href":"https:\/\/www.minutenzeiger.de\/index.php?rest_route=%2Fwp%2Fv2%2Ftags&post=660"}],"curies":[{"name":"wp","href":"https:\/\/api.w.org\/{rel}","templated":true}]}}