{"id":656,"date":"2023-07-10T20:47:14","date_gmt":"2023-07-10T19:47:14","guid":{"rendered":"https:\/\/www.minutenzeiger.de\/?p=656"},"modified":"2023-07-10T20:47:14","modified_gmt":"2023-07-10T19:47:14","slug":"laesst-sich-wissenschaft-von-unsinn-unterscheiden","status":"publish","type":"post","link":"https:\/\/www.minutenzeiger.de\/?p=656","title":{"rendered":"L\u00e4sst sich Wissenschaft von Unsinn unterscheiden?"},"content":{"rendered":"<blockquote><p>Ein US-Gericht versuchte 1982 zu kl\u00e4ren, was Wissenschaft ausmacht. Bis heute hat die Philosophie keine eindeutige Antwort f\u00fcr den Umgang mit Pseudowissenschaft<\/p><\/blockquote>\n<p>Quelle: <em><a href=\"https:\/\/www.derstandard.de\/story\/3000000177972\/was-ist-eige\">L\u00e4sst sich Wissenschaft von Unsinn unterscheiden?<\/a><\/em><\/p>\n","protected":false},"excerpt":{"rendered":"<p>Ein US-Gericht versuchte 1982 zu kl\u00e4ren, was Wissenschaft ausmacht. Bis heute hat die Philosophie keine eindeutige Antwort f\u00fcr den Umgang mit Pseudowissenschaft Quelle: L\u00e4sst sich Wissenschaft von Unsinn unterscheiden?<\/p>\n","protected":false},"author":1,"featured_media":0,"comment_status":"closed","ping_status":"open","sticky":false,"template":"","format":"standard","meta":{"jetpack_post_was_ever_published":false,"_jetpack_newsletter_access":"","_jetpack_newsletter_tier_id":0},"categories":[12],"tags":[],"jetpack_sharing_enabled":true,"jetpack_featured_media_url":"","jetpack_shortlink":"https:\/\/wp.me\/paAhe5-aA","jetpack-related-posts":[{"id":486,"url":"https:\/\/www.minutenzeiger.de\/?p=486","url_meta":{"origin":656,"position":0},"title":"Weltbild in Gefahr: Auftritt von Daniele Ganser an Uni in Witten","author":"Gonmag","date":"29. Oktober 2015","format":false,"excerpt":"Weltbild in Gefahr: Auftritt von Daniele Ganser an Uni in Witten - Telepolis \/tp\/artikel\/46\/46412\/","rel":"","context":"In &quot;Bielefeld&quot;","block_context":{"text":"Bielefeld","link":"https:\/\/www.minutenzeiger.de\/?cat=7"},"img":{"alt_text":"","src":"","width":0,"height":0},"classes":[]},{"id":849,"url":"https:\/\/www.minutenzeiger.de\/?p=849","url_meta":{"origin":656,"position":1},"title":"Unbenannter Beitrag","author":"Gonmag","date":"13. Juni 2024","format":false,"excerpt":"","rel":"","context":"In &quot;Bielefeld&quot;","block_context":{"text":"Bielefeld","link":"https:\/\/www.minutenzeiger.de\/?cat=7"},"img":{"alt_text":"","src":"","width":0,"height":0},"classes":[]},{"id":621,"url":"https:\/\/www.minutenzeiger.de\/?p=621","url_meta":{"origin":656,"position":2},"title":"Wissenschaftler warnen: Chatkontrolle ist der falsche Weg","author":"Gonmag","date":"7. Juli 2023","format":false,"excerpt":"Die Idee einer anlasslosen Chatkontrolle st\u00f6\u00dft auf Widerstand in der Wissenschaft: Dreihundert Unterzeichner eines internationalen offenen Briefes melden \u201eernsthafte Vorbehalte\u201c gegen den Vorschlag an. Namhafte Forscher und Wissenschaftler aus mehr als drei\u00dfig L\u00e4ndern wenden sich mit technischen Argumenten gegen die geplante systematische \u00dcberwachung. Quelle: Wissenschaftler warnen: Chatkontrolle ist der falsche\u2026","rel":"","context":"In &quot;Gesellschaft&quot;","block_context":{"text":"Gesellschaft","link":"https:\/\/www.minutenzeiger.de\/?cat=3"},"img":{"alt_text":"","src":"","width":0,"height":0},"classes":[]},{"id":454,"url":"https:\/\/www.minutenzeiger.de\/?p=454","url_meta":{"origin":656,"position":3},"title":"&#8222;Universalierung des Meinungshaften&#8220;","author":"Gonmag","date":"4. Oktober 2015","format":false,"excerpt":"\"Universalierung des Meinungshaften\" - Telepolis \/tp\/artikel\/44\/44831\/","rel":"","context":"In &quot;Wissenschaft&quot;","block_context":{"text":"Wissenschaft","link":"https:\/\/www.minutenzeiger.de\/?cat=12"},"img":{"alt_text":"","src":"","width":0,"height":0},"classes":[]},{"id":470,"url":"https:\/\/www.minutenzeiger.de\/?p=470","url_meta":{"origin":656,"position":4},"title":"&#8222;Inflation institutionalisierter Rechthaberei&#8220;","author":"Gonmag","date":"14. Oktober 2015","format":false,"excerpt":"\"Inflation institutionalisierter Rechthaberei\" - Telepolis \/tp\/artikel\/46\/46254\/","rel":"","context":"In &quot;Gesellschaft&quot;","block_context":{"text":"Gesellschaft","link":"https:\/\/www.minutenzeiger.de\/?cat=3"},"img":{"alt_text":"","src":"","width":0,"height":0},"classes":[]},{"id":855,"url":"https:\/\/www.minutenzeiger.de\/?p=855","url_meta":{"origin":656,"position":5},"title":"Ohrwurm-Alarm: Gehirn speichert Lieder genauer ab als gedacht","author":"Gonmag","date":"20. August 2024","format":false,"excerpt":"Mehr Menschen als gedacht treffen beim Singen von Ohrw\u00fcrmern die richtige Tonart, zeigt eine Studie. Dabei spielt Talent keine entscheidende Rolle. Quelle: Ohrwurm-Alarm: Gehirn speichert Lieder genauer ab als gedacht","rel":"","context":"In &quot;Medien&quot;","block_context":{"text":"Medien","link":"https:\/\/www.minutenzeiger.de\/?cat=8"},"img":{"alt_text":"","src":"","width":0,"height":0},"classes":[]}],"_links":{"self":[{"href":"https:\/\/www.minutenzeiger.de\/index.php?rest_route=\/wp\/v2\/posts\/656"}],"collection":[{"href":"https:\/\/www.minutenzeiger.de\/index.php?rest_route=\/wp\/v2\/posts"}],"about":[{"href":"https:\/\/www.minutenzeiger.de\/index.php?rest_route=\/wp\/v2\/types\/post"}],"author":[{"embeddable":true,"href":"https:\/\/www.minutenzeiger.de\/index.php?rest_route=\/wp\/v2\/users\/1"}],"replies":[{"embeddable":true,"href":"https:\/\/www.minutenzeiger.de\/index.php?rest_route=%2Fwp%2Fv2%2Fcomments&post=656"}],"version-history":[{"count":1,"href":"https:\/\/www.minutenzeiger.de\/index.php?rest_route=\/wp\/v2\/posts\/656\/revisions"}],"predecessor-version":[{"id":657,"href":"https:\/\/www.minutenzeiger.de\/index.php?rest_route=\/wp\/v2\/posts\/656\/revisions\/657"}],"wp:attachment":[{"href":"https:\/\/www.minutenzeiger.de\/index.php?rest_route=%2Fwp%2Fv2%2Fmedia&parent=656"}],"wp:term":[{"taxonomy":"category","embeddable":true,"href":"https:\/\/www.minutenzeiger.de\/index.php?rest_route=%2Fwp%2Fv2%2Fcategories&post=656"},{"taxonomy":"post_tag","embeddable":true,"href":"https:\/\/www.minutenzeiger.de\/index.php?rest_route=%2Fwp%2Fv2%2Ftags&post=656"}],"curies":[{"name":"wp","href":"https:\/\/api.w.org\/{rel}","templated":true}]}}