{"id":638,"date":"2023-07-04T11:23:19","date_gmt":"2023-07-04T10:23:19","guid":{"rendered":"http:\/\/www.minutenzeiger.de\/?p=638"},"modified":"2023-07-09T11:25:21","modified_gmt":"2023-07-09T10:25:21","slug":"ein-lichtteilchen-reicht-aus-um-die-photosynthese-zu-starten","status":"publish","type":"post","link":"https:\/\/www.minutenzeiger.de\/?p=638","title":{"rendered":"Ein Lichtteilchen reicht aus, um die Photosynthese zu starten"},"content":{"rendered":"<blockquote>\n<p>Forscher best\u00e4tigen, dass einzelne Lichtteilchen ausreichen, um Photosynthese zu starten &#8211; was wichtig f\u00fcr k\u00fcnstliche Photosynthese ist.<\/p>\n<\/blockquote>\n<p>Quelle: <em><a href=\"https:\/\/www.sueddeutsche.de\/wissen\/lichtteilchen-photosynthese-1.5993558\">Ein Lichtteilchen reicht aus, um die Photosynthese zu starten<\/a><\/em><\/p>\n\n\n<p>Oder: <a href=\"https:\/\/www.nature.com\/articles\/s41586-023-06121-5\">https:\/\/www.nature.com\/articles\/s41586-023-06121-5<\/a><\/p>\n","protected":false},"excerpt":{"rendered":"<p>Forscher best\u00e4tigen, dass einzelne Lichtteilchen ausreichen, um Photosynthese zu starten &#8211; was wichtig f\u00fcr k\u00fcnstliche Photosynthese ist. Quelle: Ein Lichtteilchen reicht aus, um die Photosynthese zu starten Oder: https:\/\/www.nature.com\/articles\/s41586-023-06121-5<\/p>\n","protected":false},"author":1,"featured_media":0,"comment_status":"closed","ping_status":"open","sticky":false,"template":"","format":"standard","meta":{"jetpack_post_was_ever_published":false,"_jetpack_newsletter_access":"","_jetpack_newsletter_tier_id":0},"categories":[12],"tags":[],"jetpack_sharing_enabled":true,"jetpack_featured_media_url":"","jetpack_shortlink":"https:\/\/wp.me\/paAhe5-ai","jetpack-related-posts":[{"id":838,"url":"https:\/\/www.minutenzeiger.de\/?p=838","url_meta":{"origin":638,"position":0},"title":"Illusion des fairen Lohns: Leistung allein reicht nicht aus","author":"Gonmag","date":"6. April 2024","format":false,"excerpt":"Von Bankern bis M\u00fcllm\u00e4nnern: Was bestimmt den wahren Wert unserer Arbeit? Wie unser Lohnsystem bewertet. Welche Gesellschaft wollen wir? Quelle: Illusion des fairen Lohns: Leistung allein reicht nicht aus","rel":"","context":"In &quot;Gesellschaft&quot;","block_context":{"text":"Gesellschaft","link":"https:\/\/www.minutenzeiger.de\/?cat=3"},"img":{"alt_text":"","src":"","width":0,"height":0},"classes":[]},{"id":776,"url":"https:\/\/www.minutenzeiger.de\/?p=776","url_meta":{"origin":638,"position":1},"title":"Wof\u00fcr ein B\u00e4cker aus Unterfranken K\u00fcnstliche Intelligenz einsetzt | tagesschau.de","author":"Gonmag","date":"17. September 2023","format":false,"excerpt":"Bei einem B\u00e4cker aus Unterfranken meldet ein KI-System, wenn das Br\u00f6tchenregal Nachschub braucht. Das Handwerk hofft, mit solchen technischen Innovationen auch die Personalnot zu lindern. Von Frank Breitenstein. Quelle: Wof\u00fcr ein B\u00e4cker aus Unterfranken K\u00fcnstliche Intelligenz einsetzt | tagesschau.de","rel":"","context":"In &quot;AI\/KI&quot;","block_context":{"text":"AI\/KI","link":"https:\/\/www.minutenzeiger.de\/?cat=16"},"img":{"alt_text":"","src":"","width":0,"height":0},"classes":[]},{"id":140,"url":"https:\/\/www.minutenzeiger.de\/?p=140","url_meta":{"origin":638,"position":2},"title":"Kommentar: Die Crypto-Wars 3.0 sind ein Kampf um den Erhalt der Demokratie","author":"Gonmag","date":"23. Januar 2015","format":false,"excerpt":"Kommentar: Die Crypto-Wars 3.0 sind ein Kampf um den Erhalt der Demokratie - heise online http:\/\/heise.de\/-2525998","rel":"","context":"In &quot;Gesellschaft&quot;","block_context":{"text":"Gesellschaft","link":"https:\/\/www.minutenzeiger.de\/?cat=3"},"img":{"alt_text":"","src":"","width":0,"height":0},"classes":[]},{"id":660,"url":"https:\/\/www.minutenzeiger.de\/?p=660","url_meta":{"origin":638,"position":3},"title":"Heissester Tag: Die Inflation der Rekorde im Klimawandel ergibt wenig Sinn","author":"Gonmag","date":"10. Juli 2023","format":false,"excerpt":"Fachleute verfolgen die Erderw\u00e4rmung anhand von langfristig gemittelten Messdaten. Um den Klimawandel besorgniserregend zu finden, muss man nicht auf H\u00f6chstmarken einzelner Tage schauen. Quelle: Heissester Tag: Die Inflation der Rekorde im Klimawandel ergibt wenig Sinn","rel":"","context":"In &quot;Klima&quot;","block_context":{"text":"Klima","link":"https:\/\/www.minutenzeiger.de\/?cat=17"},"img":{"alt_text":"","src":"","width":0,"height":0},"classes":[]},{"id":577,"url":"https:\/\/www.minutenzeiger.de\/?p=577","url_meta":{"origin":638,"position":4},"title":"Kommentar: Neun dumme Ideen, um Fahrverbote zu verhindern","author":"Gonmag","date":"23. Februar 2019","format":false,"excerpt":"Kommentar: Neun dumme Ideen, um Fahrverbote zu verhindern - heise online https:\/\/heise.de\/-4312916","rel":"","context":"In &quot;Gesellschaft&quot;","block_context":{"text":"Gesellschaft","link":"https:\/\/www.minutenzeiger.de\/?cat=3"},"img":{"alt_text":"","src":"","width":0,"height":0},"classes":[]},{"id":813,"url":"https:\/\/www.minutenzeiger.de\/?p=813","url_meta":{"origin":638,"position":5},"title":"Darm-Hirn-Achse: Wie der Darm unsere Psyche beeinflusst","author":"Gonmag","date":"24. Dezember 2023","format":false,"excerpt":"Um zu kommunizieren, ist der Darm mit dem Gehirn verbunden. Forscher finden immer mehr heraus, wie weitreichend diese Verbindung ist. Nicht nur steht sie im Zusammenhang mit Krankheiten, sie k\u00f6nnte auch die Basis neuer Therapien sein. Von Melina Runde. Quelle: Darm-Hirn-Achse: Wie der Darm unsere Psyche beeinflusst","rel":"","context":"In &quot;Ern\u00e4hrung&quot;","block_context":{"text":"Ern\u00e4hrung","link":"https:\/\/www.minutenzeiger.de\/?cat=13"},"img":{"alt_text":"","src":"","width":0,"height":0},"classes":[]}],"_links":{"self":[{"href":"https:\/\/www.minutenzeiger.de\/index.php?rest_route=\/wp\/v2\/posts\/638"}],"collection":[{"href":"https:\/\/www.minutenzeiger.de\/index.php?rest_route=\/wp\/v2\/posts"}],"about":[{"href":"https:\/\/www.minutenzeiger.de\/index.php?rest_route=\/wp\/v2\/types\/post"}],"author":[{"embeddable":true,"href":"https:\/\/www.minutenzeiger.de\/index.php?rest_route=\/wp\/v2\/users\/1"}],"replies":[{"embeddable":true,"href":"https:\/\/www.minutenzeiger.de\/index.php?rest_route=%2Fwp%2Fv2%2Fcomments&post=638"}],"version-history":[{"count":2,"href":"https:\/\/www.minutenzeiger.de\/index.php?rest_route=\/wp\/v2\/posts\/638\/revisions"}],"predecessor-version":[{"id":640,"href":"https:\/\/www.minutenzeiger.de\/index.php?rest_route=\/wp\/v2\/posts\/638\/revisions\/640"}],"wp:attachment":[{"href":"https:\/\/www.minutenzeiger.de\/index.php?rest_route=%2Fwp%2Fv2%2Fmedia&parent=638"}],"wp:term":[{"taxonomy":"category","embeddable":true,"href":"https:\/\/www.minutenzeiger.de\/index.php?rest_route=%2Fwp%2Fv2%2Fcategories&post=638"},{"taxonomy":"post_tag","embeddable":true,"href":"https:\/\/www.minutenzeiger.de\/index.php?rest_route=%2Fwp%2Fv2%2Ftags&post=638"}],"curies":[{"name":"wp","href":"https:\/\/api.w.org\/{rel}","templated":true}]}}