{"id":635,"date":"2023-06-26T10:54:30","date_gmt":"2023-06-26T09:54:30","guid":{"rendered":"http:\/\/www.minutenzeiger.de\/?p=635"},"modified":"2023-07-09T10:56:04","modified_gmt":"2023-07-09T09:56:04","slug":"klimaschutz-die-heimlichen-einfluesterer-der-fdp-kolumne","status":"publish","type":"post","link":"https:\/\/www.minutenzeiger.de\/?p=635","title":{"rendered":"Klimaschutz: Die heimlichen Einfl\u00fcsterer der FDP \u2013 Kolumne"},"content":{"rendered":"<blockquote><p>Die FDP versucht in der Ampel jedes relevante Klimaschutzgesetz zu torpedieren, mit erschreckendem Erfolg. Warum? Eine zentrale Rolle spielen radikale Ideologen \u2013 und ein libert\u00e4rer US-Milliard\u00e4r.<\/p><\/blockquote>\n<p>Quelle: <em><a href=\"https:\/\/www.spiegel.de\/wissenschaft\/mensch\/klimaschutz-die-heimlichen-herrscher-der-fpd-kolumne-a-d0defee9-85ea-4cdb-adac-93e49e3539de\">Klimaschutz: Die heimlichen Einfl\u00fcsterer der FDP \u2013 Kolumne<\/a><\/em><\/p>\n","protected":false},"excerpt":{"rendered":"<p>Die FDP versucht in der Ampel jedes relevante Klimaschutzgesetz zu torpedieren, mit erschreckendem Erfolg. Warum? Eine zentrale Rolle spielen radikale Ideologen \u2013 und ein libert\u00e4rer US-Milliard\u00e4r. Quelle: Klimaschutz: Die heimlichen Einfl\u00fcsterer der FDP \u2013 Kolumne<\/p>\n","protected":false},"author":1,"featured_media":0,"comment_status":"closed","ping_status":"open","sticky":false,"template":"","format":"standard","meta":{"jetpack_post_was_ever_published":false,"_jetpack_newsletter_access":"","_jetpack_newsletter_tier_id":0},"categories":[3,9,18],"tags":[],"jetpack_sharing_enabled":true,"jetpack_featured_media_url":"","jetpack_shortlink":"https:\/\/wp.me\/paAhe5-af","jetpack-related-posts":[{"id":508,"url":"https:\/\/www.minutenzeiger.de\/?p=508","url_meta":{"origin":635,"position":0},"title":"Kommentar: Verbot der Netz-Anonymit\u00e4t legt die Axt an die Demokratie","author":"Gonmag","date":"6. Dezember 2015","format":false,"excerpt":"Kommentar: Verbot der Netz-Anonymit\u00e4t legt die Axt an die Demokratie - heise online http:\/\/heise.de\/-3032799","rel":"","context":"In &quot;Gesellschaft&quot;","block_context":{"text":"Gesellschaft","link":"https:\/\/www.minutenzeiger.de\/?cat=3"},"img":{"alt_text":"","src":"","width":0,"height":0},"classes":[]},{"id":216,"url":"https:\/\/www.minutenzeiger.de\/?p=216","url_meta":{"origin":635,"position":1},"title":"Die Verlindenstra\u00dfung der Weltpolitik","author":"Gonmag","date":"10. Februar 2015","format":false,"excerpt":"Die Verlindenstra\u00dfung der Weltpolitik - Telepolis \/tp\/artikel\/44\/44109\/","rel":"","context":"In &quot;Gesellschaft&quot;","block_context":{"text":"Gesellschaft","link":"https:\/\/www.minutenzeiger.de\/?cat=3"},"img":{"alt_text":"","src":"","width":0,"height":0},"classes":[]},{"id":450,"url":"https:\/\/www.minutenzeiger.de\/?p=450","url_meta":{"origin":635,"position":2},"title":"Die Nation in der Krise","author":"Gonmag","date":"30. September 2015","format":false,"excerpt":"Die Nation in der Krise - Telepolis \/tp\/artikel\/46\/46109\/","rel":"","context":"In &quot;Gesellschaft&quot;","block_context":{"text":"Gesellschaft","link":"https:\/\/www.minutenzeiger.de\/?cat=3"},"img":{"alt_text":"","src":"","width":0,"height":0},"classes":[]},{"id":100,"url":"https:\/\/www.minutenzeiger.de\/?p=100","url_meta":{"origin":635,"position":3},"title":"Die K\u00f6nigin der Folter","author":"Gonmag","date":"18. Januar 2015","format":false,"excerpt":"Die K\u00f6nigin der Folter - Telepolis \/tp\/artikel\/43\/43842\/","rel":"","context":"In &quot;Bielefeld&quot;","block_context":{"text":"Bielefeld","link":"https:\/\/www.minutenzeiger.de\/?cat=7"},"img":{"alt_text":"","src":"","width":0,"height":0},"classes":[]},{"id":562,"url":"https:\/\/www.minutenzeiger.de\/?p=562","url_meta":{"origin":635,"position":4},"title":"Die vertraulichen Sprachregelungen der ARD","author":"Gonmag","date":"30. Juni 2017","format":false,"excerpt":"Die vertraulichen Sprachregelungen der ARD - Telepolis https:\/\/heise.de\/-3758887","rel":"","context":"In &quot;Gesellschaft&quot;","block_context":{"text":"Gesellschaft","link":"https:\/\/www.minutenzeiger.de\/?cat=3"},"img":{"alt_text":"","src":"","width":0,"height":0},"classes":[]},{"id":276,"url":"https:\/\/www.minutenzeiger.de\/?p=276","url_meta":{"origin":635,"position":5},"title":"Hartz IV und die Politik der Angst","author":"Gonmag","date":"9. Juli 2015","format":false,"excerpt":"Hartz IV und die Politik der Angst - Telepolis http:\/\/heise.de\/-2745209","rel":"","context":"In &quot;Gesellschaft&quot;","block_context":{"text":"Gesellschaft","link":"https:\/\/www.minutenzeiger.de\/?cat=3"},"img":{"alt_text":"","src":"","width":0,"height":0},"classes":[]}],"_links":{"self":[{"href":"https:\/\/www.minutenzeiger.de\/index.php?rest_route=\/wp\/v2\/posts\/635"}],"collection":[{"href":"https:\/\/www.minutenzeiger.de\/index.php?rest_route=\/wp\/v2\/posts"}],"about":[{"href":"https:\/\/www.minutenzeiger.de\/index.php?rest_route=\/wp\/v2\/types\/post"}],"author":[{"embeddable":true,"href":"https:\/\/www.minutenzeiger.de\/index.php?rest_route=\/wp\/v2\/users\/1"}],"replies":[{"embeddable":true,"href":"https:\/\/www.minutenzeiger.de\/index.php?rest_route=%2Fwp%2Fv2%2Fcomments&post=635"}],"version-history":[{"count":1,"href":"https:\/\/www.minutenzeiger.de\/index.php?rest_route=\/wp\/v2\/posts\/635\/revisions"}],"predecessor-version":[{"id":636,"href":"https:\/\/www.minutenzeiger.de\/index.php?rest_route=\/wp\/v2\/posts\/635\/revisions\/636"}],"wp:attachment":[{"href":"https:\/\/www.minutenzeiger.de\/index.php?rest_route=%2Fwp%2Fv2%2Fmedia&parent=635"}],"wp:term":[{"taxonomy":"category","embeddable":true,"href":"https:\/\/www.minutenzeiger.de\/index.php?rest_route=%2Fwp%2Fv2%2Fcategories&post=635"},{"taxonomy":"post_tag","embeddable":true,"href":"https:\/\/www.minutenzeiger.de\/index.php?rest_route=%2Fwp%2Fv2%2Ftags&post=635"}],"curies":[{"name":"wp","href":"https:\/\/api.w.org\/{rel}","templated":true}]}}