{"id":632,"date":"2023-07-09T10:50:01","date_gmt":"2023-07-09T09:50:01","guid":{"rendered":"http:\/\/www.minutenzeiger.de\/?p=632"},"modified":"2023-07-09T10:50:01","modified_gmt":"2023-07-09T09:50:01","slug":"nein-deutschland-beeinflusst-nicht-nur-0000028-prozent-des-weltweiten-co2-ausstosses","status":"publish","type":"post","link":"https:\/\/www.minutenzeiger.de\/?p=632","title":{"rendered":"Nein, Deutschland beeinflusst nicht nur 0,000028 Prozent des weltweiten CO2-Aussto\u00dfes"},"content":{"rendered":"<blockquote><p>Die von Robert Farle, fraktionsloses Bundestag-Mitglied, aufgestellte Rechnung zum Klimawandel ist falsch. Deutschlands CO2-Anteil liegt h\u00f6her.<\/p><\/blockquote>\n<p>Quelle: <em><a href=\"https:\/\/correctiv.org\/faktencheck\/2023\/07\/07\/nein-deutschland-beeinflusst-nicht-nur-0000028-prozent-des-weltweiten-co2-ausstosses\/\">Nein, Deutschland beeinflusst nicht nur 0,000028 Prozent des weltweiten CO2-Aussto\u00dfes<\/a><\/em><\/p>\n","protected":false},"excerpt":{"rendered":"<p>Die von Robert Farle, fraktionsloses Bundestag-Mitglied, aufgestellte Rechnung zum Klimawandel ist falsch. Deutschlands CO2-Anteil liegt h\u00f6her. Quelle: Nein, Deutschland beeinflusst nicht nur 0,000028 Prozent des weltweiten CO2-Aussto\u00dfes<\/p>\n","protected":false},"author":1,"featured_media":0,"comment_status":"closed","ping_status":"open","sticky":false,"template":"","format":"standard","meta":{"jetpack_post_was_ever_published":false,"_jetpack_newsletter_access":"","_jetpack_newsletter_tier_id":0},"categories":[17,18],"tags":[],"jetpack_sharing_enabled":true,"jetpack_featured_media_url":"","jetpack_shortlink":"https:\/\/wp.me\/paAhe5-ac","jetpack-related-posts":[{"id":813,"url":"https:\/\/www.minutenzeiger.de\/?p=813","url_meta":{"origin":632,"position":0},"title":"Darm-Hirn-Achse: Wie der Darm unsere Psyche beeinflusst","author":"Gonmag","date":"24. Dezember 2023","format":false,"excerpt":"Um zu kommunizieren, ist der Darm mit dem Gehirn verbunden. Forscher finden immer mehr heraus, wie weitreichend diese Verbindung ist. Nicht nur steht sie im Zusammenhang mit Krankheiten, sie k\u00f6nnte auch die Basis neuer Therapien sein. Von Melina Runde. Quelle: Darm-Hirn-Achse: Wie der Darm unsere Psyche beeinflusst","rel":"","context":"In &quot;Ern\u00e4hrung&quot;","block_context":{"text":"Ern\u00e4hrung","link":"https:\/\/www.minutenzeiger.de\/?cat=13"},"img":{"alt_text":"","src":"","width":0,"height":0},"classes":[]},{"id":398,"url":"https:\/\/www.minutenzeiger.de\/?p=398","url_meta":{"origin":632,"position":1},"title":"Das reichste Prozent in Deutschland besitzt ein Drittel des Gesamtverm\u00f6gens","author":"Gonmag","date":"4. September 2015","format":false,"excerpt":"Das reichste Prozent in Deutschland besitzt ein Drittel des Gesamtverm\u00f6gens - Telepolis \/tp\/artikel\/45\/45883\/","rel":"","context":"In &quot;Gesellschaft&quot;","block_context":{"text":"Gesellschaft","link":"https:\/\/www.minutenzeiger.de\/?cat=3"},"img":{"alt_text":"","src":"","width":0,"height":0},"classes":[]},{"id":438,"url":"https:\/\/www.minutenzeiger.de\/?p=438","url_meta":{"origin":632,"position":2},"title":"\u00dcber 5.000 Prozent Preissteigerung","author":"Gonmag","date":"24. September 2015","format":false,"excerpt":"\u00dcber 5.000 Prozent Preissteigerung - Telepolis \/tp\/artikel\/46\/46082\/","rel":"","context":"In &quot;Gesellschaft&quot;","block_context":{"text":"Gesellschaft","link":"https:\/\/www.minutenzeiger.de\/?cat=3"},"img":{"alt_text":"","src":"","width":0,"height":0},"classes":[]},{"id":668,"url":"https:\/\/www.minutenzeiger.de\/?p=668","url_meta":{"origin":632,"position":3},"title":"H\u00e4usliche Gewalt: Fast 160.000 Opfer im vergangenen Jahr","author":"Gonmag","date":"10. Juli 2023","format":false,"excerpt":"Gewaltt\u00e4tige \u00dcbergriffe in den eigenen vier W\u00e4nden: Dazu kommt es in Deutschland immer \u00f6fter. Im vergangenen Jahr haben die Fallzahlen um 9,4 Prozent zugenommen. Innenministerin Faeser setzt deshalb auf ein neues Bewusstsein in der Gesellschaft. Quelle: H\u00e4usliche Gewalt: Fast 160.000 Opfer im vergangenen Jahr","rel":"","context":"In &quot;Gesellschaft&quot;","block_context":{"text":"Gesellschaft","link":"https:\/\/www.minutenzeiger.de\/?cat=3"},"img":{"alt_text":"","src":"","width":0,"height":0},"classes":[]},{"id":110,"url":"https:\/\/www.minutenzeiger.de\/?p=110","url_meta":{"origin":632,"position":4},"title":"Armutsstudie von Oxfam: Das reichste Prozent besitzt mehr als alle anderen zusammen &#8211; SPIEGEL ONLINE","author":"Gonmag","date":"19. Januar 2015","format":false,"excerpt":"http:\/\/spon.de\/aepRr","rel":"","context":"In &quot;Gesellschaft&quot;","block_context":{"text":"Gesellschaft","link":"https:\/\/www.minutenzeiger.de\/?cat=3"},"img":{"alt_text":"","src":"","width":0,"height":0},"classes":[]},{"id":759,"url":"https:\/\/www.minutenzeiger.de\/?p=759","url_meta":{"origin":632,"position":5},"title":"B\u00fcrgergeld und Kindergrundsicherung: Vorsicht, vergiftete Erz\u00e4hlungen! &#8211; taz.de","author":"Gonmag","date":"4. September 2023","format":false,"excerpt":"Nur sehr wenige richten sich mit einer Kombi aus Schwarzarbeit und staatlichen Hilfen ein. Die Hunderttausenden Bed\u00fcrftigen sollten daf\u00fcr nicht in Geiselhaft genommen werden. Quelle: B\u00fcrgergeld und Kindergrundsicherung: Vorsicht, vergiftete Erz\u00e4hlungen! - taz.de","rel":"","context":"In &quot;Bildung&quot;","block_context":{"text":"Bildung","link":"https:\/\/www.minutenzeiger.de\/?cat=21"},"img":{"alt_text":"","src":"","width":0,"height":0},"classes":[]}],"_links":{"self":[{"href":"https:\/\/www.minutenzeiger.de\/index.php?rest_route=\/wp\/v2\/posts\/632"}],"collection":[{"href":"https:\/\/www.minutenzeiger.de\/index.php?rest_route=\/wp\/v2\/posts"}],"about":[{"href":"https:\/\/www.minutenzeiger.de\/index.php?rest_route=\/wp\/v2\/types\/post"}],"author":[{"embeddable":true,"href":"https:\/\/www.minutenzeiger.de\/index.php?rest_route=\/wp\/v2\/users\/1"}],"replies":[{"embeddable":true,"href":"https:\/\/www.minutenzeiger.de\/index.php?rest_route=%2Fwp%2Fv2%2Fcomments&post=632"}],"version-history":[{"count":1,"href":"https:\/\/www.minutenzeiger.de\/index.php?rest_route=\/wp\/v2\/posts\/632\/revisions"}],"predecessor-version":[{"id":633,"href":"https:\/\/www.minutenzeiger.de\/index.php?rest_route=\/wp\/v2\/posts\/632\/revisions\/633"}],"wp:attachment":[{"href":"https:\/\/www.minutenzeiger.de\/index.php?rest_route=%2Fwp%2Fv2%2Fmedia&parent=632"}],"wp:term":[{"taxonomy":"category","embeddable":true,"href":"https:\/\/www.minutenzeiger.de\/index.php?rest_route=%2Fwp%2Fv2%2Fcategories&post=632"},{"taxonomy":"post_tag","embeddable":true,"href":"https:\/\/www.minutenzeiger.de\/index.php?rest_route=%2Fwp%2Fv2%2Ftags&post=632"}],"curies":[{"name":"wp","href":"https:\/\/api.w.org\/{rel}","templated":true}]}}