{"id":629,"date":"2023-07-08T09:52:18","date_gmt":"2023-07-08T08:52:18","guid":{"rendered":"http:\/\/www.minutenzeiger.de\/?p=629"},"modified":"2023-07-08T09:52:18","modified_gmt":"2023-07-08T08:52:18","slug":"moms-for-liberty-neue-extreme-stimme-im-us-kulturkampf","status":"publish","type":"post","link":"https:\/\/www.minutenzeiger.de\/?p=629","title":{"rendered":"&#8222;Moms for Liberty&#8220;: Neue extreme Stimme im US-Kulturkampf"},"content":{"rendered":"<blockquote><p>Die &#8222;M\u00fctter f\u00fcr die Freiheit&#8220; haben sich zur wichtigen Kraft bei den US-Republikanern entwickelt. Sie wollen die, wie sie meinen, Indoktrinierung durch Liberale verhindern. Kritiker sehen sie als rechtsextremistische Hassgruppe. Von K. Brand.<\/p><\/blockquote>\n<p>Quelle: <em><a href=\"https:\/\/www.tagesschau.de\/ausland\/amerika\/moms-for-liberty-100.html\">&#8222;Moms for Liberty&#8220;: Neue extreme Stimme im US-Kulturkampf<\/a><\/em><\/p>\n","protected":false},"excerpt":{"rendered":"<p>Die &#8222;M\u00fctter f\u00fcr die Freiheit&#8220; haben sich zur wichtigen Kraft bei den US-Republikanern entwickelt. Sie wollen die, wie sie meinen, Indoktrinierung durch Liberale verhindern. Kritiker sehen sie als rechtsextremistische Hassgruppe. Von K. Brand. Quelle: &#8222;Moms for Liberty&#8220;: Neue extreme Stimme im US-Kulturkampf<\/p>\n","protected":false},"author":1,"featured_media":0,"comment_status":"closed","ping_status":"open","sticky":false,"template":"","format":"standard","meta":{"jetpack_post_was_ever_published":false,"_jetpack_newsletter_access":"","_jetpack_newsletter_tier_id":0},"categories":[3,9,18],"tags":[],"jetpack_sharing_enabled":true,"jetpack_featured_media_url":"","jetpack_shortlink":"https:\/\/wp.me\/paAhe5-a9","jetpack-related-posts":[{"id":258,"url":"https:\/\/www.minutenzeiger.de\/?p=258","url_meta":{"origin":629,"position":0},"title":"Referendum in Griechenland: Ich stimme mit Nein &#8211; SPIEGEL ONLINE","author":"Gonmag","date":"2. Juli 2015","format":false,"excerpt":"http:\/\/spon.de\/aew9R","rel":"","context":"In &quot;Gesellschaft&quot;","block_context":{"text":"Gesellschaft","link":"https:\/\/www.minutenzeiger.de\/?cat=3"},"img":{"alt_text":"","src":"","width":0,"height":0},"classes":[]},{"id":700,"url":"https:\/\/www.minutenzeiger.de\/?p=700","url_meta":{"origin":629,"position":1},"title":"Im Blindflug in die Abh\u00e4ngigkeit: Was wir \u00fcber KI ausblenden | Telepolis","author":"Gonmag","date":"25. Juli 2023","format":false,"excerpt":"Eine neue Studie untersucht mit K\u00fcnstlicher Intelligenz, wie wir mit KI umgehen. Was dabei herauskommt, ist verbl\u00fcffend. Ein Land verliert dabei den Anschluss. Quelle: Im Blindflug in die Abh\u00e4ngigkeit: Was wir \u00fcber KI ausblenden | Telepolis","rel":"","context":"In &quot;AI\/KI&quot;","block_context":{"text":"AI\/KI","link":"https:\/\/www.minutenzeiger.de\/?cat=16"},"img":{"alt_text":"","src":"","width":0,"height":0},"classes":[]},{"id":813,"url":"https:\/\/www.minutenzeiger.de\/?p=813","url_meta":{"origin":629,"position":2},"title":"Darm-Hirn-Achse: Wie der Darm unsere Psyche beeinflusst","author":"Gonmag","date":"24. Dezember 2023","format":false,"excerpt":"Um zu kommunizieren, ist der Darm mit dem Gehirn verbunden. Forscher finden immer mehr heraus, wie weitreichend diese Verbindung ist. Nicht nur steht sie im Zusammenhang mit Krankheiten, sie k\u00f6nnte auch die Basis neuer Therapien sein. Von Melina Runde. Quelle: Darm-Hirn-Achse: Wie der Darm unsere Psyche beeinflusst","rel":"","context":"In &quot;Ern\u00e4hrung&quot;","block_context":{"text":"Ern\u00e4hrung","link":"https:\/\/www.minutenzeiger.de\/?cat=13"},"img":{"alt_text":"","src":"","width":0,"height":0},"classes":[]},{"id":330,"url":"https:\/\/www.minutenzeiger.de\/?p=330","url_meta":{"origin":629,"position":3},"title":"Die neue Geopolitik","author":"Gonmag","date":"26. Juli 2015","format":false,"excerpt":"Die neue Geopolitik - Telepolis \/tp\/artikel\/45\/45529\/","rel":"","context":"In &quot;Politik&quot;","block_context":{"text":"Politik","link":"https:\/\/www.minutenzeiger.de\/?cat=9"},"img":{"alt_text":"","src":"","width":0,"height":0},"classes":[]},{"id":494,"url":"https:\/\/www.minutenzeiger.de\/?p=494","url_meta":{"origin":629,"position":4},"title":"Die neue gro\u00dfe Transformation","author":"Gonmag","date":"8. November 2015","format":false,"excerpt":"Die neue gro\u00dfe Transformation - Telepolis \/tp\/artikel\/46\/46440\/","rel":"","context":"In &quot;Gesellschaft&quot;","block_context":{"text":"Gesellschaft","link":"https:\/\/www.minutenzeiger.de\/?cat=3"},"img":{"alt_text":"","src":"","width":0,"height":0},"classes":[]},{"id":608,"url":"https:\/\/www.minutenzeiger.de\/?p=608","url_meta":{"origin":629,"position":5},"title":"K\u00fcnftige KI-Modelle potenziell von Demenz bedroht | heise online","author":"Gonmag","date":"7. Juli 2023","format":false,"excerpt":"Eine neue Studie befasst sich mit der Frage, wie es sich auf K\u00fcnstliche Intelligenz auswirkt, wenn sie k\u00fcnftig st\u00e4rker anhand von KI-generierten Texten lernt. Quelle: K\u00fcnftige KI-Modelle potenziell von Demenz bedroht | heise online","rel":"","context":"In &quot;AI\/KI&quot;","block_context":{"text":"AI\/KI","link":"https:\/\/www.minutenzeiger.de\/?cat=16"},"img":{"alt_text":"","src":"","width":0,"height":0},"classes":[]}],"_links":{"self":[{"href":"https:\/\/www.minutenzeiger.de\/index.php?rest_route=\/wp\/v2\/posts\/629"}],"collection":[{"href":"https:\/\/www.minutenzeiger.de\/index.php?rest_route=\/wp\/v2\/posts"}],"about":[{"href":"https:\/\/www.minutenzeiger.de\/index.php?rest_route=\/wp\/v2\/types\/post"}],"author":[{"embeddable":true,"href":"https:\/\/www.minutenzeiger.de\/index.php?rest_route=\/wp\/v2\/users\/1"}],"replies":[{"embeddable":true,"href":"https:\/\/www.minutenzeiger.de\/index.php?rest_route=%2Fwp%2Fv2%2Fcomments&post=629"}],"version-history":[{"count":1,"href":"https:\/\/www.minutenzeiger.de\/index.php?rest_route=\/wp\/v2\/posts\/629\/revisions"}],"predecessor-version":[{"id":630,"href":"https:\/\/www.minutenzeiger.de\/index.php?rest_route=\/wp\/v2\/posts\/629\/revisions\/630"}],"wp:attachment":[{"href":"https:\/\/www.minutenzeiger.de\/index.php?rest_route=%2Fwp%2Fv2%2Fmedia&parent=629"}],"wp:term":[{"taxonomy":"category","embeddable":true,"href":"https:\/\/www.minutenzeiger.de\/index.php?rest_route=%2Fwp%2Fv2%2Fcategories&post=629"},{"taxonomy":"post_tag","embeddable":true,"href":"https:\/\/www.minutenzeiger.de\/index.php?rest_route=%2Fwp%2Fv2%2Ftags&post=629"}],"curies":[{"name":"wp","href":"https:\/\/api.w.org\/{rel}","templated":true}]}}