{"id":608,"date":"2023-07-07T17:52:26","date_gmt":"2023-07-07T16:52:26","guid":{"rendered":"http:\/\/www.minutenzeiger.de\/?p=608"},"modified":"2023-07-07T17:57:52","modified_gmt":"2023-07-07T16:57:52","slug":"kuenftige-ki-modelle-potenziell-von-demenz-bedroht-heise-online","status":"publish","type":"post","link":"https:\/\/www.minutenzeiger.de\/?p=608","title":{"rendered":"K\u00fcnftige KI-Modelle potenziell von Demenz bedroht | heise online"},"content":{"rendered":"<blockquote><p>Eine neue Studie befasst sich mit der Frage, wie es sich auf K\u00fcnstliche Intelligenz auswirkt, wenn sie k\u00fcnftig st\u00e4rker anhand von KI-generierten Texten lernt.<\/p><\/blockquote>\n<p>Quelle: <em><a href=\"https:\/\/www.heise.de\/news\/Kuenftige-KI-Modelle-potenziell-von-Demenz-bedroht-9209900.html\">K\u00fcnftige KI-Modelle potenziell von Demenz bedroht | heise online<\/a><\/em><\/p>\n","protected":false},"excerpt":{"rendered":"<p>Eine neue Studie befasst sich mit der Frage, wie es sich auf K\u00fcnstliche Intelligenz auswirkt, wenn sie k\u00fcnftig st\u00e4rker anhand von KI-generierten Texten lernt. Quelle: K\u00fcnftige KI-Modelle potenziell von Demenz bedroht | heise online<\/p>\n","protected":false},"author":1,"featured_media":0,"comment_status":"closed","ping_status":"open","sticky":false,"template":"","format":"standard","meta":{"jetpack_post_was_ever_published":false,"_jetpack_newsletter_access":"","_jetpack_newsletter_tier_id":0},"categories":[16,3,11,8,18],"tags":[],"jetpack_sharing_enabled":true,"jetpack_featured_media_url":"","jetpack_shortlink":"https:\/\/wp.me\/paAhe5-9O","jetpack-related-posts":[{"id":770,"url":"https:\/\/www.minutenzeiger.de\/?p=770","url_meta":{"origin":608,"position":0},"title":"KI: Warum wir gro\u00dfe Sprachmodelle nicht wie Menschen behandeln sollten | heise online","author":"Gonmag","date":"7. September 2023","format":false,"excerpt":"Angesichts der Bef\u00fcrchtungen, die mit KI einhergehen, wird es Zeit, sich zu verst\u00e4ndigen, was sie wirklich leisten kann. Das beginnt schon bei Testverfahren. Quelle: KI: Warum wir gro\u00dfe Sprachmodelle nicht wie Menschen behandeln sollten | heise online","rel":"","context":"In &quot;AI\/KI&quot;","block_context":{"text":"AI\/KI","link":"https:\/\/www.minutenzeiger.de\/?cat=16"},"img":{"alt_text":"","src":"","width":0,"height":0},"classes":[]},{"id":763,"url":"https:\/\/www.minutenzeiger.de\/?p=763","url_meta":{"origin":608,"position":1},"title":"Anzeichen von Bewusstsein bei ChatGPT und Co.? | heise online","author":"Gonmag","date":"7. September 2023","format":false,"excerpt":"Ein interdisziplin\u00e4res Forschungsteam hat eine Liste von Eigenschaften aufgestellt, die auf Bewusstsein deuten, und aktuelle KI-Systeme darauf abgeklopft. Quelle: Anzeichen von Bewusstsein bei ChatGPT und Co.? | heise online","rel":"","context":"In &quot;AI\/KI&quot;","block_context":{"text":"AI\/KI","link":"https:\/\/www.minutenzeiger.de\/?cat=16"},"img":{"alt_text":"","src":"","width":0,"height":0},"classes":[]},{"id":932,"url":"https:\/\/www.minutenzeiger.de\/?p=932","url_meta":{"origin":608,"position":2},"title":"Medienforscherin kritisiert ein generelles Social-Media-Verbot | heise online","author":"Gonmag","date":"12. M\u00e4rz 2026","format":false,"excerpt":"Analoge Probleme lassen sich nicht mit einem digitalen Verbot beheben und die Alterskontrolle funktioniert nicht wie an der Kasse. Quelle: Medienforscherin kritisiert ein generelles Social-Media-Verbot | heise online","rel":"","context":"In &quot;AI\/KI&quot;","block_context":{"text":"AI\/KI","link":"https:\/\/www.minutenzeiger.de\/?cat=16"},"img":{"alt_text":"","src":"","width":0,"height":0},"classes":[]},{"id":698,"url":"https:\/\/www.minutenzeiger.de\/?p=698","url_meta":{"origin":608,"position":3},"title":"Hitze, D\u00fcrre und Krieg: Ernten weltweit bedroht, Lebensmittelpreise steigen","author":"Gonmag","date":"25. Juli 2023","format":false,"excerpt":"Indien verh\u00e4ngt einen Exportstopp f\u00fcr Reis, in S\u00fcdeuropa sind Ernten zerst\u00f6rt. Das sind die Vorboten steigender Lebensmittelpreise. Das sind die Hintergr\u00fcnde. Quelle: Hitze, D\u00fcrre und Krieg: Ernten weltweit bedroht, Lebensmittelpreise steigen","rel":"","context":"In &quot;Ern\u00e4hrung&quot;","block_context":{"text":"Ern\u00e4hrung","link":"https:\/\/www.minutenzeiger.de\/?cat=13"},"img":{"alt_text":"","src":"","width":0,"height":0},"classes":[]},{"id":929,"url":"https:\/\/www.minutenzeiger.de\/?p=929","url_meta":{"origin":608,"position":4},"title":"Staatstrojaner-Einsatz: BGH zieht rote Linie bei Messenger-\u00dcberwachung | heise online","author":"Gonmag","date":"12. M\u00e4rz 2026","format":false,"excerpt":"Der BGH zieht eine klare rote Linie bei der \u00dcberwachung von Messengern per Quellen-TK\u00dc: Das Mitlesen alter Nachrichten ohne strenge Auflagen ist rechtswidrig. Quelle: Staatstrojaner-Einsatz: BGH zieht rote Linie bei Messenger-\u00dcberwachung | heise online","rel":"","context":"In &quot;Gesellschaft&quot;","block_context":{"text":"Gesellschaft","link":"https:\/\/www.minutenzeiger.de\/?cat=3"},"img":{"alt_text":"","src":"","width":0,"height":0},"classes":[]},{"id":726,"url":"https:\/\/www.minutenzeiger.de\/?p=726","url_meta":{"origin":608,"position":5},"title":"H\u00f6hepunkt der Perseiden 2023: Sternschnuppen beobachten und fotografieren | heise online","author":"Gonmag","date":"10. August 2023","format":false,"excerpt":"Lightpollutionmap Quelle: H\u00f6hepunkt der Perseiden 2023: Sternschnuppen beobachten und fotografieren | heise online","rel":"","context":"In &quot;Allgemein&quot;","block_context":{"text":"Allgemein","link":"https:\/\/www.minutenzeiger.de\/?cat=1"},"img":{"alt_text":"","src":"","width":0,"height":0},"classes":[]}],"_links":{"self":[{"href":"https:\/\/www.minutenzeiger.de\/index.php?rest_route=\/wp\/v2\/posts\/608"}],"collection":[{"href":"https:\/\/www.minutenzeiger.de\/index.php?rest_route=\/wp\/v2\/posts"}],"about":[{"href":"https:\/\/www.minutenzeiger.de\/index.php?rest_route=\/wp\/v2\/types\/post"}],"author":[{"embeddable":true,"href":"https:\/\/www.minutenzeiger.de\/index.php?rest_route=\/wp\/v2\/users\/1"}],"replies":[{"embeddable":true,"href":"https:\/\/www.minutenzeiger.de\/index.php?rest_route=%2Fwp%2Fv2%2Fcomments&post=608"}],"version-history":[{"count":1,"href":"https:\/\/www.minutenzeiger.de\/index.php?rest_route=\/wp\/v2\/posts\/608\/revisions"}],"predecessor-version":[{"id":609,"href":"https:\/\/www.minutenzeiger.de\/index.php?rest_route=\/wp\/v2\/posts\/608\/revisions\/609"}],"wp:attachment":[{"href":"https:\/\/www.minutenzeiger.de\/index.php?rest_route=%2Fwp%2Fv2%2Fmedia&parent=608"}],"wp:term":[{"taxonomy":"category","embeddable":true,"href":"https:\/\/www.minutenzeiger.de\/index.php?rest_route=%2Fwp%2Fv2%2Fcategories&post=608"},{"taxonomy":"post_tag","embeddable":true,"href":"https:\/\/www.minutenzeiger.de\/index.php?rest_route=%2Fwp%2Fv2%2Ftags&post=608"}],"curies":[{"name":"wp","href":"https:\/\/api.w.org\/{rel}","templated":true}]}}