{"id":598,"date":"2020-04-20T12:02:50","date_gmt":"2020-04-20T11:02:50","guid":{"rendered":"https:\/\/www.minutenzeiger.de\/?p=598"},"modified":"2020-04-20T12:02:50","modified_gmt":"2020-04-20T11:02:50","slug":"coronavirus-update-live-2419194-cases-and-165775-deaths-from-covid-19-virus-pandemic-worldometer","status":"publish","type":"post","link":"https:\/\/www.minutenzeiger.de\/?p=598","title":{"rendered":"Coronavirus Update (Live): 2,419,194 Cases and 165,775 Deaths from COVID-19 Virus Pandemic &#8211; Worldometer"},"content":{"rendered":"<p>Eine Statistikseite die Zahlen zum Vergleichen anbietet, z.b. Erkankungen pro eine Million Einwohner sowie eine Zeitleiste f\u00fcr einzelne L\u00e4nder.<\/p>\n<p><a href=\"https:\/\/www.worldometers.info\/coronavirus\/#countries\" target=\"_blank\" rel=\"noopener noreferrer\">https:\/\/www.worldometers.info\/coronavirus\/#countries<\/a><\/p>\n<p><a href=\"https:\/\/www.worldometers.info\/coronavirus\/#countries\">Coronavirus Update (Live): 2,419,194 Cases and 165,775 Deaths from COVID-19 Virus Pandemic &#8211; Worldometer<\/a><\/p>\n","protected":false},"excerpt":{"rendered":"<p>Eine Statistikseite die Zahlen zum Vergleichen anbietet, z.b. Erkankungen pro eine Million Einwohner sowie eine Zeitleiste f\u00fcr einzelne L\u00e4nder. https:\/\/www.worldometers.info\/coronavirus\/#countries Coronavirus Update (Live): 2,419,194 Cases and 165,775 Deaths from COVID-19 Virus Pandemic &#8211; Worldometer<\/p>\n","protected":false},"author":1,"featured_media":0,"comment_status":"closed","ping_status":"open","sticky":false,"template":"","format":"quote","meta":{"jetpack_post_was_ever_published":false,"_jetpack_newsletter_access":"","_jetpack_newsletter_tier_id":0},"categories":[15],"tags":[],"jetpack_sharing_enabled":true,"jetpack_featured_media_url":"","jetpack_shortlink":"https:\/\/wp.me\/paAhe5-9E","jetpack-related-posts":[{"id":595,"url":"https:\/\/www.minutenzeiger.de\/?p=595","url_meta":{"origin":598,"position":0},"title":"\u00dcbersichtskarte COVID-19","author":"Gonmag","date":"20. April 2020","format":"quote","excerpt":"Daten der John Hopkins Universit\u00e4t \u00a0 via Coronavirus COVID-19 (2019-nCoV)","rel":"","context":"In &quot;COVID-19&quot;","block_context":{"text":"COVID-19","link":"https:\/\/www.minutenzeiger.de\/?cat=15"},"img":{"alt_text":"","src":"","width":0,"height":0},"classes":[]},{"id":320,"url":"https:\/\/www.minutenzeiger.de\/?p=320","url_meta":{"origin":598,"position":1},"title":"&#8222;Das dritte Memorandum ist eine Garantie f\u00fcr eine rasch zunehmende Verelendung&#8220;","author":"Gonmag","date":"24. Juli 2015","format":false,"excerpt":"\"Das dritte Memorandum ist eine Garantie f\u00fcr eine rasch zunehmende Verelendung\" - Telepolis \/tp\/artikel\/45\/45523\/","rel":"","context":"In &quot;Gesellschaft&quot;","block_context":{"text":"Gesellschaft","link":"https:\/\/www.minutenzeiger.de\/?cat=3"},"img":{"alt_text":"","src":"","width":0,"height":0},"classes":[]},{"id":939,"url":"https:\/\/www.minutenzeiger.de\/?p=939","url_meta":{"origin":598,"position":2},"title":"Machen uns KI-Chatbots d\u00fcmmer? Die Gefahr ist da, aber es gibt eine Gegenstrategie | taz.de","author":"Gonmag","date":"24. M\u00e4rz 2026","format":false,"excerpt":"Wird d\u00fcmmer, wer KI-Chatbots verwendet? Nicht unbedingt, sagt der Forscher Michael Gerlich. Zwar sei die Gefahr da \u2013 aber es gibt eine Gegenstrategie. Quelle: Machen uns KI-Chatbots d\u00fcmmer? Die Gefahr ist da, aber es gibt eine Gegenstrategie | taz.de","rel":"","context":"In &quot;AI\/KI&quot;","block_context":{"text":"AI\/KI","link":"https:\/\/www.minutenzeiger.de\/?cat=16"},"img":{"alt_text":"","src":"","width":0,"height":0},"classes":[]},{"id":356,"url":"https:\/\/www.minutenzeiger.de\/?p=356","url_meta":{"origin":598,"position":3},"title":"Digitale Bildung &#8211; eine L\u00fcge?","author":"Gonmag","date":"4. August 2015","format":false,"excerpt":"Digitale Bildung - eine L\u00fcge? - Telepolis \/tp\/artikel\/45\/45572\/","rel":"","context":"In &quot;Gesellschaft&quot;","block_context":{"text":"Gesellschaft","link":"https:\/\/www.minutenzeiger.de\/?cat=3"},"img":{"alt_text":"","src":"","width":0,"height":0},"classes":[]},{"id":416,"url":"https:\/\/www.minutenzeiger.de\/?p=416","url_meta":{"origin":598,"position":4},"title":"Eine v\u00f6llig unverdiente Gl\u00fcckswelle","author":"Gonmag","date":"15. September 2015","format":false,"excerpt":"Eine v\u00f6llig unverdiente Gl\u00fcckswelle - Telepolis \/tp\/artikel\/45\/45969\/","rel":"","context":"In &quot;Gesellschaft&quot;","block_context":{"text":"Gesellschaft","link":"https:\/\/www.minutenzeiger.de\/?cat=3"},"img":{"alt_text":"","src":"","width":0,"height":0},"classes":[]},{"id":190,"url":"https:\/\/www.minutenzeiger.de\/?p=190","url_meta":{"origin":598,"position":5},"title":"&#8222;Kommen zwei Terroristen in eine Satire-Redaktion \u2026&#8220;","author":"Gonmag","date":"2. Februar 2015","format":false,"excerpt":"\"Kommen zwei Terroristen in eine Satire-Redaktion \u2026\" - Telepolis \/tp\/artikel\/44\/44024\/","rel":"","context":"In &quot;Gesellschaft&quot;","block_context":{"text":"Gesellschaft","link":"https:\/\/www.minutenzeiger.de\/?cat=3"},"img":{"alt_text":"","src":"","width":0,"height":0},"classes":[]}],"_links":{"self":[{"href":"https:\/\/www.minutenzeiger.de\/index.php?rest_route=\/wp\/v2\/posts\/598"}],"collection":[{"href":"https:\/\/www.minutenzeiger.de\/index.php?rest_route=\/wp\/v2\/posts"}],"about":[{"href":"https:\/\/www.minutenzeiger.de\/index.php?rest_route=\/wp\/v2\/types\/post"}],"author":[{"embeddable":true,"href":"https:\/\/www.minutenzeiger.de\/index.php?rest_route=\/wp\/v2\/users\/1"}],"replies":[{"embeddable":true,"href":"https:\/\/www.minutenzeiger.de\/index.php?rest_route=%2Fwp%2Fv2%2Fcomments&post=598"}],"version-history":[{"count":1,"href":"https:\/\/www.minutenzeiger.de\/index.php?rest_route=\/wp\/v2\/posts\/598\/revisions"}],"predecessor-version":[{"id":599,"href":"https:\/\/www.minutenzeiger.de\/index.php?rest_route=\/wp\/v2\/posts\/598\/revisions\/599"}],"wp:attachment":[{"href":"https:\/\/www.minutenzeiger.de\/index.php?rest_route=%2Fwp%2Fv2%2Fmedia&parent=598"}],"wp:term":[{"taxonomy":"category","embeddable":true,"href":"https:\/\/www.minutenzeiger.de\/index.php?rest_route=%2Fwp%2Fv2%2Fcategories&post=598"},{"taxonomy":"post_tag","embeddable":true,"href":"https:\/\/www.minutenzeiger.de\/index.php?rest_route=%2Fwp%2Fv2%2Ftags&post=598"}],"curies":[{"name":"wp","href":"https:\/\/api.w.org\/{rel}","templated":true}]}}