{"id":58,"date":"2015-01-13T21:39:07","date_gmt":"2015-01-13T20:39:07","guid":{"rendered":"http:\/\/www.minutenzeiger.de\/?p=58"},"modified":"2015-01-13T21:39:07","modified_gmt":"2015-01-13T20:39:07","slug":"grossbritannien-cameron-will-gegen-verschluesselung-vorgehen","status":"publish","type":"post","link":"https:\/\/www.minutenzeiger.de\/?p=58","title":{"rendered":"Gro\u00dfbritannien: Cameron will gegen Verschl\u00fcsselung vorgehen"},"content":{"rendered":"<p>Gro\u00dfbritannien: Cameron will gegen Verschl\u00fcsselung vorgehen &#8211; heise online <a href=\"http:\/\/heise.de\/-2516774\">http:\/\/heise.de\/-2516774<\/a><\/p>\n","protected":false},"excerpt":{"rendered":"<p>Gro\u00dfbritannien: Cameron will gegen Verschl\u00fcsselung vorgehen &#8211; heise online http:\/\/heise.de\/-2516774<\/p>\n","protected":false},"author":1,"featured_media":0,"comment_status":"closed","ping_status":"open","sticky":false,"template":"","format":"standard","meta":{"jetpack_post_was_ever_published":false,"_jetpack_newsletter_access":"","_jetpack_newsletter_tier_id":0},"categories":[3,6,4],"tags":[],"jetpack_sharing_enabled":true,"jetpack_featured_media_url":"","jetpack_shortlink":"https:\/\/wp.me\/paAhe5-W","jetpack-related-posts":[{"id":166,"url":"https:\/\/www.minutenzeiger.de\/?p=166","url_meta":{"origin":58,"position":0},"title":"Debatte \u00fcber Verschl\u00fcsselung: De Maizi\u00e8re erkl\u00e4rt sich selbst den Krypto-Krieg &#8211; SPIEGEL ONLINE","author":"Gonmag","date":"29. Januar 2015","format":false,"excerpt":"http:\/\/spon.de\/aeqjy","rel":"","context":"In &quot;Gesellschaft&quot;","block_context":{"text":"Gesellschaft","link":"https:\/\/www.minutenzeiger.de\/?cat=3"},"img":{"alt_text":"","src":"","width":0,"height":0},"classes":[]},{"id":9,"url":"https:\/\/www.minutenzeiger.de\/?p=9","url_meta":{"origin":58,"position":1},"title":"Verfassungsbeschwerde gegen Kfz-Kennzeichen-Scanning","author":"Gonmag","date":"3. Januar 2015","format":false,"excerpt":"Verfassungsbeschwerde gegen Kfz-Kennzeichen-Scanning - heise online http:\/\/heise.de\/-2507669","rel":"","context":"In &quot;\u00dcberwachung&quot;","block_context":{"text":"\u00dcberwachung","link":"https:\/\/www.minutenzeiger.de\/?cat=4"},"img":{"alt_text":"","src":"","width":0,"height":0},"classes":[]},{"id":236,"url":"https:\/\/www.minutenzeiger.de\/?p=236","url_meta":{"origin":58,"position":2},"title":"Handelsabkommen TPP:  Schiedsgerichte gegen Copyright-Schranken","author":"Gonmag","date":"28. M\u00e4rz 2015","format":false,"excerpt":"Handelsabkommen TPP: Schiedsgerichte gegen Copyright-Schranken - heise online http:\/\/heise.de\/-2587144","rel":"","context":"In &quot;Gesellschaft&quot;","block_context":{"text":"Gesellschaft","link":"https:\/\/www.minutenzeiger.de\/?cat=3"},"img":{"alt_text":"","src":"","width":0,"height":0},"classes":[]},{"id":158,"url":"https:\/\/www.minutenzeiger.de\/?p=158","url_meta":{"origin":58,"position":3},"title":"Europaratsausschuss: Massenverschl\u00fcsselung einziger Schutz gegen Massen\u00fcberwachung","author":"Gonmag","date":"27. Januar 2015","format":false,"excerpt":"Europaratsausschuss: Massenverschl\u00fcsselung einziger Schutz gegen Massen\u00fcberwachung - heise online http:\/\/heise.de\/-2529088","rel":"","context":"In &quot;Politik&quot;","block_context":{"text":"Politik","link":"https:\/\/www.minutenzeiger.de\/?cat=9"},"img":{"alt_text":"","src":"","width":0,"height":0},"classes":[]},{"id":192,"url":"https:\/\/www.minutenzeiger.de\/?p=192","url_meta":{"origin":58,"position":4},"title":"Mit TTIP gegen den Rest der Welt","author":"Gonmag","date":"2. Februar 2015","format":false,"excerpt":"Mit TTIP gegen den Rest der Welt - Telepolis \/tp\/artikel\/43\/43991\/","rel":"","context":"In &quot;Politik&quot;","block_context":{"text":"Politik","link":"https:\/\/www.minutenzeiger.de\/?cat=9"},"img":{"alt_text":"","src":"","width":0,"height":0},"classes":[]},{"id":348,"url":"https:\/\/www.minutenzeiger.de\/?p=348","url_meta":{"origin":58,"position":5},"title":"Vorwurf Landesverrat: Generalbundesanwalt ermittelt gegen Netzpolitik.org","author":"Gonmag","date":"30. Juli 2015","format":false,"excerpt":"Vorwurf Landesverrat: Generalbundesanwalt ermittelt gegen Netzpolitik.org - heise online http:\/\/heise.de\/-2765813","rel":"","context":"In &quot;Gesellschaft&quot;","block_context":{"text":"Gesellschaft","link":"https:\/\/www.minutenzeiger.de\/?cat=3"},"img":{"alt_text":"","src":"","width":0,"height":0},"classes":[]}],"_links":{"self":[{"href":"https:\/\/www.minutenzeiger.de\/index.php?rest_route=\/wp\/v2\/posts\/58"}],"collection":[{"href":"https:\/\/www.minutenzeiger.de\/index.php?rest_route=\/wp\/v2\/posts"}],"about":[{"href":"https:\/\/www.minutenzeiger.de\/index.php?rest_route=\/wp\/v2\/types\/post"}],"author":[{"embeddable":true,"href":"https:\/\/www.minutenzeiger.de\/index.php?rest_route=\/wp\/v2\/users\/1"}],"replies":[{"embeddable":true,"href":"https:\/\/www.minutenzeiger.de\/index.php?rest_route=%2Fwp%2Fv2%2Fcomments&post=58"}],"version-history":[{"count":1,"href":"https:\/\/www.minutenzeiger.de\/index.php?rest_route=\/wp\/v2\/posts\/58\/revisions"}],"predecessor-version":[{"id":59,"href":"https:\/\/www.minutenzeiger.de\/index.php?rest_route=\/wp\/v2\/posts\/58\/revisions\/59"}],"wp:attachment":[{"href":"https:\/\/www.minutenzeiger.de\/index.php?rest_route=%2Fwp%2Fv2%2Fmedia&parent=58"}],"wp:term":[{"taxonomy":"category","embeddable":true,"href":"https:\/\/www.minutenzeiger.de\/index.php?rest_route=%2Fwp%2Fv2%2Fcategories&post=58"},{"taxonomy":"post_tag","embeddable":true,"href":"https:\/\/www.minutenzeiger.de\/index.php?rest_route=%2Fwp%2Fv2%2Ftags&post=58"}],"curies":[{"name":"wp","href":"https:\/\/api.w.org\/{rel}","templated":true}]}}