{"id":570,"date":"2017-12-27T04:36:01","date_gmt":"2017-12-27T03:36:01","guid":{"rendered":"http:\/\/www.minutenzeiger.de\/?p=570"},"modified":"2017-12-27T04:36:01","modified_gmt":"2017-12-27T03:36:01","slug":"der-mann-der-vor-computern-warnt","status":"publish","type":"post","link":"https:\/\/www.minutenzeiger.de\/?p=570","title":{"rendered":"Der Mann, der vor Computern warnt"},"content":{"rendered":"<p>Der Mann, der vor Computern warnt &#8211; Telepolis <a href=\"https:\/\/heise.de\/-3855415\">https:\/\/heise.de\/-3855415<\/a><\/p>\n","protected":false},"excerpt":{"rendered":"<p>Der Mann, der vor Computern warnt &#8211; Telepolis https:\/\/heise.de\/-3855415<\/p>\n","protected":false},"author":1,"featured_media":0,"comment_status":"closed","ping_status":"open","sticky":false,"template":"","format":"standard","meta":{"jetpack_post_was_ever_published":false,"_jetpack_newsletter_access":"","_jetpack_newsletter_tier_id":0},"categories":[3,11,8,9,12],"tags":[],"jetpack_sharing_enabled":true,"jetpack_featured_media_url":"","jetpack_shortlink":"https:\/\/wp.me\/paAhe5-9c","jetpack-related-posts":[{"id":440,"url":"https:\/\/www.minutenzeiger.de\/?p=440","url_meta":{"origin":570,"position":0},"title":"FBI warnt vor Risiken des Internet der Dinge","author":"Gonmag","date":"26. September 2015","format":false,"excerpt":"FBI warnt vor Risiken des Internet der Dinge - Telepolis \/tp\/artikel\/46\/46049\/","rel":"","context":"In &quot;Gesellschaft&quot;","block_context":{"text":"Gesellschaft","link":"https:\/\/www.minutenzeiger.de\/?cat=3"},"img":{"alt_text":"","src":"","width":0,"height":0},"classes":[]},{"id":552,"url":"https:\/\/www.minutenzeiger.de\/?p=552","url_meta":{"origin":570,"position":1},"title":"Leitkultur: Fu\u00dfg\u00e4nger vor der roten Ampel","author":"Gonmag","date":"28. Februar 2017","format":false,"excerpt":"Leitkultur: Fu\u00dfg\u00e4nger vor der roten Ampel - Telepolis http:\/\/heise.de\/-3632125","rel":"","context":"In &quot;Gesellschaft&quot;","block_context":{"text":"Gesellschaft","link":"https:\/\/www.minutenzeiger.de\/?cat=3"},"img":{"alt_text":"","src":"","width":0,"height":0},"classes":[]},{"id":562,"url":"https:\/\/www.minutenzeiger.de\/?p=562","url_meta":{"origin":570,"position":2},"title":"Die vertraulichen Sprachregelungen der ARD","author":"Gonmag","date":"30. Juni 2017","format":false,"excerpt":"Die vertraulichen Sprachregelungen der ARD - Telepolis https:\/\/heise.de\/-3758887","rel":"","context":"In &quot;Gesellschaft&quot;","block_context":{"text":"Gesellschaft","link":"https:\/\/www.minutenzeiger.de\/?cat=3"},"img":{"alt_text":"","src":"","width":0,"height":0},"classes":[]},{"id":512,"url":"https:\/\/www.minutenzeiger.de\/?p=512","url_meta":{"origin":570,"position":3},"title":"Initiator des Patriot-Acts warnt die Europ\u00e4er davor, seine Fehler zu wiederholen","author":"Gonmag","date":"6. Dezember 2015","format":false,"excerpt":"Initiator des Patriot-Acts warnt die Europ\u00e4er davor, seine Fehler zu wiederholen - Telepolis http:\/\/heise.de\/-3032889","rel":"","context":"In &quot;Gesellschaft&quot;","block_context":{"text":"Gesellschaft","link":"https:\/\/www.minutenzeiger.de\/?cat=3"},"img":{"alt_text":"","src":"","width":0,"height":0},"classes":[]},{"id":542,"url":"https:\/\/www.minutenzeiger.de\/?p=542","url_meta":{"origin":570,"position":4},"title":"Der Terror n\u00fctzt der herrschenden Elite","author":"Gonmag","date":"3. Januar 2017","format":false,"excerpt":"Der Terror n\u00fctzt der herrschenden Elite - Telepolis http:\/\/heise.de\/-3583096","rel":"","context":"In &quot;Gesellschaft&quot;","block_context":{"text":"Gesellschaft","link":"https:\/\/www.minutenzeiger.de\/?cat=3"},"img":{"alt_text":"","src":"","width":0,"height":0},"classes":[]},{"id":276,"url":"https:\/\/www.minutenzeiger.de\/?p=276","url_meta":{"origin":570,"position":5},"title":"Hartz IV und die Politik der Angst","author":"Gonmag","date":"9. Juli 2015","format":false,"excerpt":"Hartz IV und die Politik der Angst - Telepolis http:\/\/heise.de\/-2745209","rel":"","context":"In &quot;Gesellschaft&quot;","block_context":{"text":"Gesellschaft","link":"https:\/\/www.minutenzeiger.de\/?cat=3"},"img":{"alt_text":"","src":"","width":0,"height":0},"classes":[]}],"_links":{"self":[{"href":"https:\/\/www.minutenzeiger.de\/index.php?rest_route=\/wp\/v2\/posts\/570"}],"collection":[{"href":"https:\/\/www.minutenzeiger.de\/index.php?rest_route=\/wp\/v2\/posts"}],"about":[{"href":"https:\/\/www.minutenzeiger.de\/index.php?rest_route=\/wp\/v2\/types\/post"}],"author":[{"embeddable":true,"href":"https:\/\/www.minutenzeiger.de\/index.php?rest_route=\/wp\/v2\/users\/1"}],"replies":[{"embeddable":true,"href":"https:\/\/www.minutenzeiger.de\/index.php?rest_route=%2Fwp%2Fv2%2Fcomments&post=570"}],"version-history":[{"count":1,"href":"https:\/\/www.minutenzeiger.de\/index.php?rest_route=\/wp\/v2\/posts\/570\/revisions"}],"predecessor-version":[{"id":571,"href":"https:\/\/www.minutenzeiger.de\/index.php?rest_route=\/wp\/v2\/posts\/570\/revisions\/571"}],"wp:attachment":[{"href":"https:\/\/www.minutenzeiger.de\/index.php?rest_route=%2Fwp%2Fv2%2Fmedia&parent=570"}],"wp:term":[{"taxonomy":"category","embeddable":true,"href":"https:\/\/www.minutenzeiger.de\/index.php?rest_route=%2Fwp%2Fv2%2Fcategories&post=570"},{"taxonomy":"post_tag","embeddable":true,"href":"https:\/\/www.minutenzeiger.de\/index.php?rest_route=%2Fwp%2Fv2%2Ftags&post=570"}],"curies":[{"name":"wp","href":"https:\/\/api.w.org\/{rel}","templated":true}]}}