{"id":562,"date":"2017-06-30T04:28:18","date_gmt":"2017-06-30T03:28:18","guid":{"rendered":"http:\/\/www.minutenzeiger.de\/?p=562"},"modified":"2017-06-30T04:28:18","modified_gmt":"2017-06-30T03:28:18","slug":"die-vertraulichen-sprachregelungen-der-ard","status":"publish","type":"post","link":"https:\/\/www.minutenzeiger.de\/?p=562","title":{"rendered":"Die vertraulichen Sprachregelungen der ARD"},"content":{"rendered":"<p>Die vertraulichen Sprachregelungen der ARD &#8211; Telepolis <a href=\"https:\/\/heise.de\/-3758887\">https:\/\/heise.de\/-3758887<\/a><\/p>\n","protected":false},"excerpt":{"rendered":"<p>Die vertraulichen Sprachregelungen der ARD &#8211; Telepolis https:\/\/heise.de\/-3758887<\/p>\n","protected":false},"author":1,"featured_media":0,"comment_status":"closed","ping_status":"open","sticky":false,"template":"","format":"standard","meta":{"jetpack_post_was_ever_published":false,"_jetpack_newsletter_access":"","_jetpack_newsletter_tier_id":0},"categories":[3,8,9],"tags":[],"jetpack_sharing_enabled":true,"jetpack_featured_media_url":"","jetpack_shortlink":"https:\/\/wp.me\/paAhe5-94","jetpack-related-posts":[{"id":635,"url":"https:\/\/www.minutenzeiger.de\/?p=635","url_meta":{"origin":562,"position":0},"title":"Klimaschutz: Die heimlichen Einfl\u00fcsterer der FDP \u2013 Kolumne","author":"Gonmag","date":"26. Juni 2023","format":false,"excerpt":"Die FDP versucht in der Ampel jedes relevante Klimaschutzgesetz zu torpedieren, mit erschreckendem Erfolg. Warum? Eine zentrale Rolle spielen radikale Ideologen \u2013 und ein libert\u00e4rer US-Milliard\u00e4r. Quelle: Klimaschutz: Die heimlichen Einfl\u00fcsterer der FDP \u2013 Kolumne","rel":"","context":"In &quot;Gesellschaft&quot;","block_context":{"text":"Gesellschaft","link":"https:\/\/www.minutenzeiger.de\/?cat=3"},"img":{"alt_text":"","src":"","width":0,"height":0},"classes":[]},{"id":508,"url":"https:\/\/www.minutenzeiger.de\/?p=508","url_meta":{"origin":562,"position":1},"title":"Kommentar: Verbot der Netz-Anonymit\u00e4t legt die Axt an die Demokratie","author":"Gonmag","date":"6. Dezember 2015","format":false,"excerpt":"Kommentar: Verbot der Netz-Anonymit\u00e4t legt die Axt an die Demokratie - heise online http:\/\/heise.de\/-3032799","rel":"","context":"In &quot;Gesellschaft&quot;","block_context":{"text":"Gesellschaft","link":"https:\/\/www.minutenzeiger.de\/?cat=3"},"img":{"alt_text":"","src":"","width":0,"height":0},"classes":[]},{"id":216,"url":"https:\/\/www.minutenzeiger.de\/?p=216","url_meta":{"origin":562,"position":2},"title":"Die Verlindenstra\u00dfung der Weltpolitik","author":"Gonmag","date":"10. Februar 2015","format":false,"excerpt":"Die Verlindenstra\u00dfung der Weltpolitik - Telepolis \/tp\/artikel\/44\/44109\/","rel":"","context":"In &quot;Gesellschaft&quot;","block_context":{"text":"Gesellschaft","link":"https:\/\/www.minutenzeiger.de\/?cat=3"},"img":{"alt_text":"","src":"","width":0,"height":0},"classes":[]},{"id":450,"url":"https:\/\/www.minutenzeiger.de\/?p=450","url_meta":{"origin":562,"position":3},"title":"Die Nation in der Krise","author":"Gonmag","date":"30. September 2015","format":false,"excerpt":"Die Nation in der Krise - Telepolis \/tp\/artikel\/46\/46109\/","rel":"","context":"In &quot;Gesellschaft&quot;","block_context":{"text":"Gesellschaft","link":"https:\/\/www.minutenzeiger.de\/?cat=3"},"img":{"alt_text":"","src":"","width":0,"height":0},"classes":[]},{"id":100,"url":"https:\/\/www.minutenzeiger.de\/?p=100","url_meta":{"origin":562,"position":4},"title":"Die K\u00f6nigin der Folter","author":"Gonmag","date":"18. Januar 2015","format":false,"excerpt":"Die K\u00f6nigin der Folter - Telepolis \/tp\/artikel\/43\/43842\/","rel":"","context":"In &quot;Bielefeld&quot;","block_context":{"text":"Bielefeld","link":"https:\/\/www.minutenzeiger.de\/?cat=7"},"img":{"alt_text":"","src":"","width":0,"height":0},"classes":[]},{"id":276,"url":"https:\/\/www.minutenzeiger.de\/?p=276","url_meta":{"origin":562,"position":5},"title":"Hartz IV und die Politik der Angst","author":"Gonmag","date":"9. Juli 2015","format":false,"excerpt":"Hartz IV und die Politik der Angst - Telepolis http:\/\/heise.de\/-2745209","rel":"","context":"In &quot;Gesellschaft&quot;","block_context":{"text":"Gesellschaft","link":"https:\/\/www.minutenzeiger.de\/?cat=3"},"img":{"alt_text":"","src":"","width":0,"height":0},"classes":[]}],"_links":{"self":[{"href":"https:\/\/www.minutenzeiger.de\/index.php?rest_route=\/wp\/v2\/posts\/562"}],"collection":[{"href":"https:\/\/www.minutenzeiger.de\/index.php?rest_route=\/wp\/v2\/posts"}],"about":[{"href":"https:\/\/www.minutenzeiger.de\/index.php?rest_route=\/wp\/v2\/types\/post"}],"author":[{"embeddable":true,"href":"https:\/\/www.minutenzeiger.de\/index.php?rest_route=\/wp\/v2\/users\/1"}],"replies":[{"embeddable":true,"href":"https:\/\/www.minutenzeiger.de\/index.php?rest_route=%2Fwp%2Fv2%2Fcomments&post=562"}],"version-history":[{"count":1,"href":"https:\/\/www.minutenzeiger.de\/index.php?rest_route=\/wp\/v2\/posts\/562\/revisions"}],"predecessor-version":[{"id":563,"href":"https:\/\/www.minutenzeiger.de\/index.php?rest_route=\/wp\/v2\/posts\/562\/revisions\/563"}],"wp:attachment":[{"href":"https:\/\/www.minutenzeiger.de\/index.php?rest_route=%2Fwp%2Fv2%2Fmedia&parent=562"}],"wp:term":[{"taxonomy":"category","embeddable":true,"href":"https:\/\/www.minutenzeiger.de\/index.php?rest_route=%2Fwp%2Fv2%2Fcategories&post=562"},{"taxonomy":"post_tag","embeddable":true,"href":"https:\/\/www.minutenzeiger.de\/index.php?rest_route=%2Fwp%2Fv2%2Ftags&post=562"}],"curies":[{"name":"wp","href":"https:\/\/api.w.org\/{rel}","templated":true}]}}