{"id":560,"date":"2017-06-28T01:25:00","date_gmt":"2017-06-28T00:25:00","guid":{"rendered":"http:\/\/www.minutenzeiger.de\/?p=560"},"modified":"2017-06-27T20:26:21","modified_gmt":"2017-06-27T19:26:21","slug":"studie-selbst-ausgeschaltete-smartphones-reduzieren-denkvermoegen","status":"publish","type":"post","link":"https:\/\/www.minutenzeiger.de\/?p=560","title":{"rendered":"Studie: Selbst ausgeschaltete Smartphones reduzieren Denkverm\u00f6gen"},"content":{"rendered":"<p>Studie: Selbst ausgeschaltete Smartphones reduzieren Denkverm\u00f6gen &#8211; iX <a href=\"https:\/\/heise.de\/-3756344\">https:\/\/heise.de\/-3756344<\/a><\/p>\n","protected":false},"excerpt":{"rendered":"<p>Studie: Selbst ausgeschaltete Smartphones reduzieren Denkverm\u00f6gen &#8211; iX https:\/\/heise.de\/-3756344<\/p>\n","protected":false},"author":1,"featured_media":0,"comment_status":"closed","ping_status":"open","sticky":false,"template":"","format":"standard","meta":{"jetpack_post_was_ever_published":false,"_jetpack_newsletter_access":"","_jetpack_newsletter_tier_id":0},"categories":[3,8,12],"tags":[],"jetpack_sharing_enabled":true,"jetpack_featured_media_url":"","jetpack_shortlink":"https:\/\/wp.me\/paAhe5-92","jetpack-related-posts":[{"id":810,"url":"https:\/\/www.minutenzeiger.de\/?p=810","url_meta":{"origin":560,"position":0},"title":"Studie: Zufriedener dank 30 Minuten weniger Social Media t\u00e4glich","author":"Gonmag","date":"15. Dezember 2023","format":false,"excerpt":"Wer die Social-Media-Nutzung um eine halbe Stunde t\u00e4glich reduziert, ist zufriedener und engagierter im Job. Auch depressive Symptome k\u00f6nnen verringert werden, zeigt eine aktuelle Studie. Quelle: Studie: Zufriedener dank 30 Minuten weniger Social Media t\u00e4glich","rel":"","context":"In &quot;Gesellschaft&quot;","block_context":{"text":"Gesellschaft","link":"https:\/\/www.minutenzeiger.de\/?cat=3"},"img":{"alt_text":"","src":"","width":0,"height":0},"classes":[]},{"id":582,"url":"https:\/\/www.minutenzeiger.de\/?p=582","url_meta":{"origin":560,"position":1},"title":"Aufgedr\u00f6selt: ICCT-Studie zu Abgastoten","author":"Gonmag","date":"6. M\u00e4rz 2019","format":false,"excerpt":"Aufgedr\u00f6selt: ICCT-Studie zu Abgastoten - Autos https:\/\/heise.de\/-4325531","rel":"","context":"In &quot;Ern\u00e4hrung&quot;","block_context":{"text":"Ern\u00e4hrung","link":"https:\/\/www.minutenzeiger.de\/?cat=13"},"img":{"alt_text":"","src":"","width":0,"height":0},"classes":[]},{"id":76,"url":"https:\/\/www.minutenzeiger.de\/?p=76","url_meta":{"origin":560,"position":2},"title":"Greenpeace\/F\u00d6S-Studie: Erneuerbare Energien sind kosteng\u00fcnstiger","author":"Gonmag","date":"15. Januar 2015","format":false,"excerpt":"Greenpeace\/F\u00d6S-Studie: Erneuerbare Energien sind kosteng\u00fcnstiger - Telepolis \/tp\/artikel\/43\/43870\/","rel":"","context":"In &quot;Gesellschaft&quot;","block_context":{"text":"Gesellschaft","link":"https:\/\/www.minutenzeiger.de\/?cat=3"},"img":{"alt_text":"","src":"","width":0,"height":0},"classes":[]},{"id":168,"url":"https:\/\/www.minutenzeiger.de\/?p=168","url_meta":{"origin":560,"position":3},"title":"Anonymisierungs-Studie: Kreditkartendaten verraten Nutzer &#8211; SPIEGEL ONLINE","author":"Gonmag","date":"29. Januar 2015","format":false,"excerpt":"http:\/\/spon.de\/aeqiH","rel":"","context":"In &quot;Gesellschaft&quot;","block_context":{"text":"Gesellschaft","link":"https:\/\/www.minutenzeiger.de\/?cat=3"},"img":{"alt_text":"","src":"","width":0,"height":0},"classes":[]},{"id":118,"url":"https:\/\/www.minutenzeiger.de\/?p=118","url_meta":{"origin":560,"position":4},"title":"Islam-Studie: Muslime integrieren sich, Deutsche schotten sich ab &#8211; SPIEGEL ONLINE","author":"Gonmag","date":"19. Januar 2015","format":false,"excerpt":"http:\/\/spon.de\/aepkW","rel":"","context":"In &quot;Gesellschaft&quot;","block_context":{"text":"Gesellschaft","link":"https:\/\/www.minutenzeiger.de\/?cat=3"},"img":{"alt_text":"","src":"","width":0,"height":0},"classes":[]},{"id":826,"url":"https:\/\/www.minutenzeiger.de\/?p=826","url_meta":{"origin":560,"position":5},"title":"\u00d6ffentlich-rechtlicher Rundfunk: Wie einseitig sind die Nachrichten? | Telepolis","author":"Gonmag","date":"3. Februar 2024","format":false,"excerpt":"Studie \"Was fehlt?\" nimmt \u00d6RR unter die Lupe: Es zeigt sich ein sehr deutlicher Sichtbarkeitsvorsprung der Regierungs- gegen\u00fcber den Oppositionsparteien. Quelle: \u00d6ffentlich-rechtlicher Rundfunk: Wie einseitig sind die Nachrichten? | Telepolis","rel":"","context":"In &quot;Medien&quot;","block_context":{"text":"Medien","link":"https:\/\/www.minutenzeiger.de\/?cat=8"},"img":{"alt_text":"","src":"","width":0,"height":0},"classes":[]}],"_links":{"self":[{"href":"https:\/\/www.minutenzeiger.de\/index.php?rest_route=\/wp\/v2\/posts\/560"}],"collection":[{"href":"https:\/\/www.minutenzeiger.de\/index.php?rest_route=\/wp\/v2\/posts"}],"about":[{"href":"https:\/\/www.minutenzeiger.de\/index.php?rest_route=\/wp\/v2\/types\/post"}],"author":[{"embeddable":true,"href":"https:\/\/www.minutenzeiger.de\/index.php?rest_route=\/wp\/v2\/users\/1"}],"replies":[{"embeddable":true,"href":"https:\/\/www.minutenzeiger.de\/index.php?rest_route=%2Fwp%2Fv2%2Fcomments&post=560"}],"version-history":[{"count":1,"href":"https:\/\/www.minutenzeiger.de\/index.php?rest_route=\/wp\/v2\/posts\/560\/revisions"}],"predecessor-version":[{"id":561,"href":"https:\/\/www.minutenzeiger.de\/index.php?rest_route=\/wp\/v2\/posts\/560\/revisions\/561"}],"wp:attachment":[{"href":"https:\/\/www.minutenzeiger.de\/index.php?rest_route=%2Fwp%2Fv2%2Fmedia&parent=560"}],"wp:term":[{"taxonomy":"category","embeddable":true,"href":"https:\/\/www.minutenzeiger.de\/index.php?rest_route=%2Fwp%2Fv2%2Fcategories&post=560"},{"taxonomy":"post_tag","embeddable":true,"href":"https:\/\/www.minutenzeiger.de\/index.php?rest_route=%2Fwp%2Fv2%2Ftags&post=560"}],"curies":[{"name":"wp","href":"https:\/\/api.w.org\/{rel}","templated":true}]}}