{"id":558,"date":"2017-06-25T08:06:17","date_gmt":"2017-06-25T07:06:17","guid":{"rendered":"http:\/\/www.minutenzeiger.de\/?p=558"},"modified":"2017-06-25T08:06:17","modified_gmt":"2017-06-25T07:06:17","slug":"ueber-den-erfolg-des-rechten-populismus","status":"publish","type":"post","link":"https:\/\/www.minutenzeiger.de\/?p=558","title":{"rendered":"\u00dcber den Erfolg des rechten Populismus"},"content":{"rendered":"<p>\u00dcber den Erfolg des rechten Populismus &#8211; Telepolis <a href=\"https:\/\/heise.de\/-3735555\">https:\/\/heise.de\/-3735555<\/a><\/p>\n","protected":false},"excerpt":{"rendered":"<p>\u00dcber den Erfolg des rechten Populismus &#8211; Telepolis https:\/\/heise.de\/-3735555<\/p>\n","protected":false},"author":1,"featured_media":0,"comment_status":"closed","ping_status":"open","sticky":false,"template":"","format":"standard","meta":{"jetpack_post_was_ever_published":false,"_jetpack_newsletter_access":"","_jetpack_newsletter_tier_id":0},"categories":[3,9],"tags":[],"jetpack_sharing_enabled":true,"jetpack_featured_media_url":"","jetpack_shortlink":"https:\/\/wp.me\/paAhe5-90","jetpack-related-posts":[{"id":164,"url":"https:\/\/www.minutenzeiger.de\/?p=164","url_meta":{"origin":558,"position":0},"title":"Andrea Nahles und Uber","author":"Gonmag","date":"28. Januar 2015","format":false,"excerpt":"Andrea Nahles und Uber - Telepolis http:\/\/heise.de\/-2530356","rel":"","context":"In &quot;Gesellschaft&quot;","block_context":{"text":"Gesellschaft","link":"https:\/\/www.minutenzeiger.de\/?cat=3"},"img":{"alt_text":"","src":"","width":0,"height":0},"classes":[]},{"id":344,"url":"https:\/\/www.minutenzeiger.de\/?p=344","url_meta":{"origin":558,"position":1},"title":"Wer bezahlt den R\u00fcckbau der deutschen Kernkraftwerke?","author":"Gonmag","date":"29. Juli 2015","format":false,"excerpt":"Wer bezahlt den R\u00fcckbau der deutschen Kernkraftwerke? - Telepolis http:\/\/heise.de\/-2764844","rel":"","context":"In &quot;Gesellschaft&quot;","block_context":{"text":"Gesellschaft","link":"https:\/\/www.minutenzeiger.de\/?cat=3"},"img":{"alt_text":"","src":"","width":0,"height":0},"classes":[]},{"id":78,"url":"https:\/\/www.minutenzeiger.de\/?p=78","url_meta":{"origin":558,"position":2},"title":"Meist nur negative Berichterstattung \u00fcber den Islam","author":"Gonmag","date":"15. Januar 2015","format":false,"excerpt":"Meist nur negative Berichterstattung \u00fcber den Islam - Telepolis \/tp\/artikel\/43\/43866\/","rel":"","context":"In &quot;Gesellschaft&quot;","block_context":{"text":"Gesellschaft","link":"https:\/\/www.minutenzeiger.de\/?cat=3"},"img":{"alt_text":"","src":"","width":0,"height":0},"classes":[]},{"id":60,"url":"https:\/\/www.minutenzeiger.de\/?p=60","url_meta":{"origin":558,"position":3},"title":"Die Leerstellen bei den Antipegida-Protesten","author":"Gonmag","date":"13. Januar 2015","format":false,"excerpt":"Die Leerstellen bei den Antipegida-Protesten - Telepolis http:\/\/heise.de\/-2517236","rel":"","context":"In &quot;Gesellschaft&quot;","block_context":{"text":"Gesellschaft","link":"https:\/\/www.minutenzeiger.de\/?cat=3"},"img":{"alt_text":"","src":"","width":0,"height":0},"classes":[]},{"id":700,"url":"https:\/\/www.minutenzeiger.de\/?p=700","url_meta":{"origin":558,"position":4},"title":"Im Blindflug in die Abh\u00e4ngigkeit: Was wir \u00fcber KI ausblenden | Telepolis","author":"Gonmag","date":"25. Juli 2023","format":false,"excerpt":"Eine neue Studie untersucht mit K\u00fcnstlicher Intelligenz, wie wir mit KI umgehen. Was dabei herauskommt, ist verbl\u00fcffend. Ein Land verliert dabei den Anschluss. Quelle: Im Blindflug in die Abh\u00e4ngigkeit: Was wir \u00fcber KI ausblenden | Telepolis","rel":"","context":"In &quot;AI\/KI&quot;","block_context":{"text":"AI\/KI","link":"https:\/\/www.minutenzeiger.de\/?cat=16"},"img":{"alt_text":"","src":"","width":0,"height":0},"classes":[]},{"id":548,"url":"https:\/\/www.minutenzeiger.de\/?p=548","url_meta":{"origin":558,"position":5},"title":"Trump und die Zukunft des Westens","author":"Gonmag","date":"17. Februar 2017","format":false,"excerpt":"Trump und die Zukunft des Westens - Telepolis http:\/\/heise.de\/-3614465","rel":"","context":"In &quot;Gesellschaft&quot;","block_context":{"text":"Gesellschaft","link":"https:\/\/www.minutenzeiger.de\/?cat=3"},"img":{"alt_text":"","src":"","width":0,"height":0},"classes":[]}],"_links":{"self":[{"href":"https:\/\/www.minutenzeiger.de\/index.php?rest_route=\/wp\/v2\/posts\/558"}],"collection":[{"href":"https:\/\/www.minutenzeiger.de\/index.php?rest_route=\/wp\/v2\/posts"}],"about":[{"href":"https:\/\/www.minutenzeiger.de\/index.php?rest_route=\/wp\/v2\/types\/post"}],"author":[{"embeddable":true,"href":"https:\/\/www.minutenzeiger.de\/index.php?rest_route=\/wp\/v2\/users\/1"}],"replies":[{"embeddable":true,"href":"https:\/\/www.minutenzeiger.de\/index.php?rest_route=%2Fwp%2Fv2%2Fcomments&post=558"}],"version-history":[{"count":1,"href":"https:\/\/www.minutenzeiger.de\/index.php?rest_route=\/wp\/v2\/posts\/558\/revisions"}],"predecessor-version":[{"id":559,"href":"https:\/\/www.minutenzeiger.de\/index.php?rest_route=\/wp\/v2\/posts\/558\/revisions\/559"}],"wp:attachment":[{"href":"https:\/\/www.minutenzeiger.de\/index.php?rest_route=%2Fwp%2Fv2%2Fmedia&parent=558"}],"wp:term":[{"taxonomy":"category","embeddable":true,"href":"https:\/\/www.minutenzeiger.de\/index.php?rest_route=%2Fwp%2Fv2%2Fcategories&post=558"},{"taxonomy":"post_tag","embeddable":true,"href":"https:\/\/www.minutenzeiger.de\/index.php?rest_route=%2Fwp%2Fv2%2Ftags&post=558"}],"curies":[{"name":"wp","href":"https:\/\/api.w.org\/{rel}","templated":true}]}}