{"id":540,"date":"2016-12-20T04:44:36","date_gmt":"2016-12-20T03:44:36","guid":{"rendered":"http:\/\/www.minutenzeiger.de\/?p=540"},"modified":"2016-12-20T04:44:36","modified_gmt":"2016-12-20T03:44:36","slug":"und-du-sagst-mit-meinem-gefuehl-stimmt-etwas-nicht","status":"publish","type":"post","link":"https:\/\/www.minutenzeiger.de\/?p=540","title":{"rendered":"Und du sagst, mit meinem Gef\u00fchl stimmt etwas nicht?"},"content":{"rendered":"<p>Und du sagst, mit meinem Gef\u00fchl stimmt etwas nicht? &#8211; Telepolis <a href=\"http:\/\/heise.de\/-3554808\">http:\/\/heise.de\/-3554808<\/a><\/p>\n","protected":false},"excerpt":{"rendered":"<p>Und du sagst, mit meinem Gef\u00fchl stimmt etwas nicht? &#8211; Telepolis http:\/\/heise.de\/-3554808<\/p>\n","protected":false},"author":1,"featured_media":0,"comment_status":"closed","ping_status":"open","sticky":false,"template":"","format":"standard","meta":{"jetpack_post_was_ever_published":false,"_jetpack_newsletter_access":"","_jetpack_newsletter_tier_id":0},"categories":[3,12],"tags":[],"jetpack_sharing_enabled":true,"jetpack_featured_media_url":"","jetpack_shortlink":"https:\/\/wp.me\/paAhe5-8I","jetpack-related-posts":[{"id":932,"url":"https:\/\/www.minutenzeiger.de\/?p=932","url_meta":{"origin":540,"position":0},"title":"Medienforscherin kritisiert ein generelles Social-Media-Verbot | heise online","author":"Gonmag","date":"12. M\u00e4rz 2026","format":false,"excerpt":"Analoge Probleme lassen sich nicht mit einem digitalen Verbot beheben und die Alterskontrolle funktioniert nicht wie an der Kasse. Quelle: Medienforscherin kritisiert ein generelles Social-Media-Verbot | heise online","rel":"","context":"In &quot;AI\/KI&quot;","block_context":{"text":"AI\/KI","link":"https:\/\/www.minutenzeiger.de\/?cat=16"},"img":{"alt_text":"","src":"","width":0,"height":0},"classes":[]},{"id":428,"url":"https:\/\/www.minutenzeiger.de\/?p=428","url_meta":{"origin":540,"position":1},"title":"Wir m\u00fcssen etwas in den Herkunftsl\u00e4ndern der Fl\u00fcchtlinge tun\u2026","author":"Gonmag","date":"19. September 2015","format":false,"excerpt":"Wir m\u00fcssen etwas in den Herkunftsl\u00e4ndern der Fl\u00fcchtlinge tun\u2026 - Telepolis \/tp\/artikel\/46\/46033\/","rel":"","context":"In &quot;Gesellschaft&quot;","block_context":{"text":"Gesellschaft","link":"https:\/\/www.minutenzeiger.de\/?cat=3"},"img":{"alt_text":"","src":"","width":0,"height":0},"classes":[]},{"id":759,"url":"https:\/\/www.minutenzeiger.de\/?p=759","url_meta":{"origin":540,"position":2},"title":"B\u00fcrgergeld und Kindergrundsicherung: Vorsicht, vergiftete Erz\u00e4hlungen! &#8211; taz.de","author":"Gonmag","date":"4. September 2023","format":false,"excerpt":"Nur sehr wenige richten sich mit einer Kombi aus Schwarzarbeit und staatlichen Hilfen ein. Die Hunderttausenden Bed\u00fcrftigen sollten daf\u00fcr nicht in Geiselhaft genommen werden. Quelle: B\u00fcrgergeld und Kindergrundsicherung: Vorsicht, vergiftete Erz\u00e4hlungen! - taz.de","rel":"","context":"In &quot;Bildung&quot;","block_context":{"text":"Bildung","link":"https:\/\/www.minutenzeiger.de\/?cat=21"},"img":{"alt_text":"","src":"","width":0,"height":0},"classes":[]},{"id":478,"url":"https:\/\/www.minutenzeiger.de\/?p=478","url_meta":{"origin":540,"position":3},"title":"Portugal und Europa d\u00fcrfen nicht links sein","author":"Gonmag","date":"23. Oktober 2015","format":false,"excerpt":"Portugal und Europa d\u00fcrfen nicht links sein - Telepolis \/tp\/artikel\/46\/46355\/","rel":"","context":"In &quot;Politik&quot;","block_context":{"text":"Politik","link":"https:\/\/www.minutenzeiger.de\/?cat=9"},"img":{"alt_text":"","src":"","width":0,"height":0},"classes":[]},{"id":751,"url":"https:\/\/www.minutenzeiger.de\/?p=751","url_meta":{"origin":540,"position":4},"title":"Kinder sind teuer und machen abh\u00e4ngig: Fangen Sie gar nicht erst an &#8211; taz.de","author":"Gonmag","date":"4. September 2023","format":false,"excerpt":"Anfangs sind Kinder s\u00fc\u00df und g\u00fcnstig. Je \u00e4lter sie werden, desto schlimmer wird es. Eine Shoppingtour zur Einschulung. Quelle: Kinder sind teuer und machen abh\u00e4ngig: Fangen Sie gar nicht erst an - taz.de","rel":"","context":"In &quot;Gesellschaft&quot;","block_context":{"text":"Gesellschaft","link":"https:\/\/www.minutenzeiger.de\/?cat=3"},"img":{"alt_text":"","src":"","width":0,"height":0},"classes":[]},{"id":770,"url":"https:\/\/www.minutenzeiger.de\/?p=770","url_meta":{"origin":540,"position":5},"title":"KI: Warum wir gro\u00dfe Sprachmodelle nicht wie Menschen behandeln sollten | heise online","author":"Gonmag","date":"7. September 2023","format":false,"excerpt":"Angesichts der Bef\u00fcrchtungen, die mit KI einhergehen, wird es Zeit, sich zu verst\u00e4ndigen, was sie wirklich leisten kann. Das beginnt schon bei Testverfahren. Quelle: KI: Warum wir gro\u00dfe Sprachmodelle nicht wie Menschen behandeln sollten | heise online","rel":"","context":"In &quot;AI\/KI&quot;","block_context":{"text":"AI\/KI","link":"https:\/\/www.minutenzeiger.de\/?cat=16"},"img":{"alt_text":"","src":"","width":0,"height":0},"classes":[]}],"_links":{"self":[{"href":"https:\/\/www.minutenzeiger.de\/index.php?rest_route=\/wp\/v2\/posts\/540"}],"collection":[{"href":"https:\/\/www.minutenzeiger.de\/index.php?rest_route=\/wp\/v2\/posts"}],"about":[{"href":"https:\/\/www.minutenzeiger.de\/index.php?rest_route=\/wp\/v2\/types\/post"}],"author":[{"embeddable":true,"href":"https:\/\/www.minutenzeiger.de\/index.php?rest_route=\/wp\/v2\/users\/1"}],"replies":[{"embeddable":true,"href":"https:\/\/www.minutenzeiger.de\/index.php?rest_route=%2Fwp%2Fv2%2Fcomments&post=540"}],"version-history":[{"count":1,"href":"https:\/\/www.minutenzeiger.de\/index.php?rest_route=\/wp\/v2\/posts\/540\/revisions"}],"predecessor-version":[{"id":541,"href":"https:\/\/www.minutenzeiger.de\/index.php?rest_route=\/wp\/v2\/posts\/540\/revisions\/541"}],"wp:attachment":[{"href":"https:\/\/www.minutenzeiger.de\/index.php?rest_route=%2Fwp%2Fv2%2Fmedia&parent=540"}],"wp:term":[{"taxonomy":"category","embeddable":true,"href":"https:\/\/www.minutenzeiger.de\/index.php?rest_route=%2Fwp%2Fv2%2Fcategories&post=540"},{"taxonomy":"post_tag","embeddable":true,"href":"https:\/\/www.minutenzeiger.de\/index.php?rest_route=%2Fwp%2Fv2%2Ftags&post=540"}],"curies":[{"name":"wp","href":"https:\/\/api.w.org\/{rel}","templated":true}]}}