{"id":536,"date":"2016-07-11T20:27:26","date_gmt":"2016-07-11T19:27:26","guid":{"rendered":"http:\/\/www.minutenzeiger.de\/?p=536"},"modified":"2016-07-11T20:28:58","modified_gmt":"2016-07-11T19:28:58","slug":"deutsche-nationalmannschaft-die-bierhoffisierung-des-fussballs-spiegel-online","status":"publish","type":"post","link":"https:\/\/www.minutenzeiger.de\/?p=536","title":{"rendered":"Deutsche Nationalmannschaft: Die Bierhoffisierung des Fu\u00dfballs &#8211; SPIEGEL ONLINE"},"content":{"rendered":"<p><a href=\"http:\/\/spon.de\/aeMTZ\">http:\/\/spon.de\/aeMTZ<\/a><\/p>\n<p>Spannend, wenn beide Seiten gute Argumente haben, sowohl Autor wie auch die Leser.&nbsp;<\/p>\n","protected":false},"excerpt":{"rendered":"<p>http:\/\/spon.de\/aeMTZ Spannend, wenn beide Seiten gute Argumente haben, sowohl Autor wie auch die Leser.&nbsp;<\/p>\n","protected":false},"author":1,"featured_media":0,"comment_status":"closed","ping_status":"open","sticky":false,"template":"","format":"standard","meta":{"jetpack_post_was_ever_published":false,"_jetpack_newsletter_access":"","_jetpack_newsletter_tier_id":0},"categories":[3,8],"tags":[],"jetpack_sharing_enabled":true,"jetpack_featured_media_url":"","jetpack_shortlink":"https:\/\/wp.me\/paAhe5-8E","jetpack-related-posts":[{"id":74,"url":"https:\/\/www.minutenzeiger.de\/?p=74","url_meta":{"origin":536,"position":0},"title":"Die Ukraine auf dem Weg in die Barbarei","author":"Gonmag","date":"14. Januar 2015","format":false,"excerpt":"Die Ukraine auf dem Weg in die Barbarei - Telepolis \/tp\/artikel\/43\/43829\/","rel":"","context":"In &quot;Allgemein&quot;","block_context":{"text":"Allgemein","link":"https:\/\/www.minutenzeiger.de\/?cat=1"},"img":{"alt_text":"","src":"","width":0,"height":0},"classes":[]},{"id":484,"url":"https:\/\/www.minutenzeiger.de\/?p=484","url_meta":{"origin":536,"position":1},"title":"&#8222;Jede Wette, dass die Schuldenbremse die n\u00e4chste Krise nicht \u00fcberlebt&#8220;","author":"Gonmag","date":"29. Oktober 2015","format":false,"excerpt":"\"Jede Wette, dass die Schuldenbremse die n\u00e4chste Krise nicht \u00fcberlebt\" - Telepolis \/tp\/artikel\/46\/46249\/","rel":"","context":"In &quot;Gesellschaft&quot;","block_context":{"text":"Gesellschaft","link":"https:\/\/www.minutenzeiger.de\/?cat=3"},"img":{"alt_text":"","src":"","width":0,"height":0},"classes":[]},{"id":508,"url":"https:\/\/www.minutenzeiger.de\/?p=508","url_meta":{"origin":536,"position":2},"title":"Kommentar: Verbot der Netz-Anonymit\u00e4t legt die Axt an die Demokratie","author":"Gonmag","date":"6. Dezember 2015","format":false,"excerpt":"Kommentar: Verbot der Netz-Anonymit\u00e4t legt die Axt an die Demokratie - heise online http:\/\/heise.de\/-3032799","rel":"","context":"In &quot;Gesellschaft&quot;","block_context":{"text":"Gesellschaft","link":"https:\/\/www.minutenzeiger.de\/?cat=3"},"img":{"alt_text":"","src":"","width":0,"height":0},"classes":[]},{"id":795,"url":"https:\/\/www.minutenzeiger.de\/?p=795","url_meta":{"origin":536,"position":3},"title":"Emilia Fester kennt Otto von Bismarck &#8211; ZDFmediathek","author":"Gonmag","date":"18. Oktober 2023","format":false,"excerpt":"Sarah Bosetti fragt, was schlimmer ist: Abgeordnete, die schlecht in Geschichte sind, oder Abgeordnete, die sie kennen und trotzdem in die AfD eintreten. Quelle: Emilia Fester kennt Otto von Bismarck - ZDFmediathek","rel":"","context":"In &quot;Gesellschaft&quot;","block_context":{"text":"Gesellschaft","link":"https:\/\/www.minutenzeiger.de\/?cat=3"},"img":{"alt_text":"","src":"","width":0,"height":0},"classes":[]},{"id":826,"url":"https:\/\/www.minutenzeiger.de\/?p=826","url_meta":{"origin":536,"position":4},"title":"\u00d6ffentlich-rechtlicher Rundfunk: Wie einseitig sind die Nachrichten? | Telepolis","author":"Gonmag","date":"3. Februar 2024","format":false,"excerpt":"Studie \"Was fehlt?\" nimmt \u00d6RR unter die Lupe: Es zeigt sich ein sehr deutlicher Sichtbarkeitsvorsprung der Regierungs- gegen\u00fcber den Oppositionsparteien. Quelle: \u00d6ffentlich-rechtlicher Rundfunk: Wie einseitig sind die Nachrichten? | Telepolis","rel":"","context":"In &quot;Medien&quot;","block_context":{"text":"Medien","link":"https:\/\/www.minutenzeiger.de\/?cat=8"},"img":{"alt_text":"","src":"","width":0,"height":0},"classes":[]},{"id":635,"url":"https:\/\/www.minutenzeiger.de\/?p=635","url_meta":{"origin":536,"position":5},"title":"Klimaschutz: Die heimlichen Einfl\u00fcsterer der FDP \u2013 Kolumne","author":"Gonmag","date":"26. Juni 2023","format":false,"excerpt":"Die FDP versucht in der Ampel jedes relevante Klimaschutzgesetz zu torpedieren, mit erschreckendem Erfolg. Warum? Eine zentrale Rolle spielen radikale Ideologen \u2013 und ein libert\u00e4rer US-Milliard\u00e4r. Quelle: Klimaschutz: Die heimlichen Einfl\u00fcsterer der FDP \u2013 Kolumne","rel":"","context":"In &quot;Gesellschaft&quot;","block_context":{"text":"Gesellschaft","link":"https:\/\/www.minutenzeiger.de\/?cat=3"},"img":{"alt_text":"","src":"","width":0,"height":0},"classes":[]}],"_links":{"self":[{"href":"https:\/\/www.minutenzeiger.de\/index.php?rest_route=\/wp\/v2\/posts\/536"}],"collection":[{"href":"https:\/\/www.minutenzeiger.de\/index.php?rest_route=\/wp\/v2\/posts"}],"about":[{"href":"https:\/\/www.minutenzeiger.de\/index.php?rest_route=\/wp\/v2\/types\/post"}],"author":[{"embeddable":true,"href":"https:\/\/www.minutenzeiger.de\/index.php?rest_route=\/wp\/v2\/users\/1"}],"replies":[{"embeddable":true,"href":"https:\/\/www.minutenzeiger.de\/index.php?rest_route=%2Fwp%2Fv2%2Fcomments&post=536"}],"version-history":[{"count":1,"href":"https:\/\/www.minutenzeiger.de\/index.php?rest_route=\/wp\/v2\/posts\/536\/revisions"}],"predecessor-version":[{"id":537,"href":"https:\/\/www.minutenzeiger.de\/index.php?rest_route=\/wp\/v2\/posts\/536\/revisions\/537"}],"wp:attachment":[{"href":"https:\/\/www.minutenzeiger.de\/index.php?rest_route=%2Fwp%2Fv2%2Fmedia&parent=536"}],"wp:term":[{"taxonomy":"category","embeddable":true,"href":"https:\/\/www.minutenzeiger.de\/index.php?rest_route=%2Fwp%2Fv2%2Fcategories&post=536"},{"taxonomy":"post_tag","embeddable":true,"href":"https:\/\/www.minutenzeiger.de\/index.php?rest_route=%2Fwp%2Fv2%2Ftags&post=536"}],"curies":[{"name":"wp","href":"https:\/\/api.w.org\/{rel}","templated":true}]}}