{"id":512,"date":"2015-12-06T21:10:38","date_gmt":"2015-12-06T20:10:38","guid":{"rendered":"http:\/\/www.minutenzeiger.de\/?p=512"},"modified":"2015-12-06T21:10:38","modified_gmt":"2015-12-06T20:10:38","slug":"initiator-des-patriot-acts-warnt-die-europaeer-davor-seine-fehler-zu-wiederholen","status":"publish","type":"post","link":"https:\/\/www.minutenzeiger.de\/?p=512","title":{"rendered":"Initiator des Patriot-Acts warnt die Europ\u00e4er davor, seine Fehler zu wiederholen"},"content":{"rendered":"<p>Initiator des Patriot-Acts warnt die Europ\u00e4er davor, seine Fehler zu wiederholen &#8211; Telepolis <a href=\"http:\/\/heise.de\/-3032889\">http:\/\/heise.de\/-3032889<\/a><\/p>\n","protected":false},"excerpt":{"rendered":"<p>Initiator des Patriot-Acts warnt die Europ\u00e4er davor, seine Fehler zu wiederholen &#8211; Telepolis http:\/\/heise.de\/-3032889<\/p>\n","protected":false},"author":1,"featured_media":0,"comment_status":"closed","ping_status":"open","sticky":false,"template":"","format":"standard","meta":{"jetpack_post_was_ever_published":false,"_jetpack_newsletter_access":"","_jetpack_newsletter_tier_id":0},"categories":[3,9,6,4],"tags":[],"jetpack_sharing_enabled":true,"jetpack_featured_media_url":"","jetpack_shortlink":"https:\/\/wp.me\/paAhe5-8g","jetpack-related-posts":[{"id":570,"url":"https:\/\/www.minutenzeiger.de\/?p=570","url_meta":{"origin":512,"position":0},"title":"Der Mann, der vor Computern warnt","author":"Gonmag","date":"27. Dezember 2017","format":false,"excerpt":"Der Mann, der vor Computern warnt - Telepolis https:\/\/heise.de\/-3855415","rel":"","context":"In &quot;Gesellschaft&quot;","block_context":{"text":"Gesellschaft","link":"https:\/\/www.minutenzeiger.de\/?cat=3"},"img":{"alt_text":"","src":"","width":0,"height":0},"classes":[]},{"id":440,"url":"https:\/\/www.minutenzeiger.de\/?p=440","url_meta":{"origin":512,"position":1},"title":"FBI warnt vor Risiken des Internet der Dinge","author":"Gonmag","date":"26. September 2015","format":false,"excerpt":"FBI warnt vor Risiken des Internet der Dinge - Telepolis \/tp\/artikel\/46\/46049\/","rel":"","context":"In &quot;Gesellschaft&quot;","block_context":{"text":"Gesellschaft","link":"https:\/\/www.minutenzeiger.de\/?cat=3"},"img":{"alt_text":"","src":"","width":0,"height":0},"classes":[]},{"id":638,"url":"https:\/\/www.minutenzeiger.de\/?p=638","url_meta":{"origin":512,"position":2},"title":"Ein Lichtteilchen reicht aus, um die Photosynthese zu starten","author":"Gonmag","date":"4. Juli 2023","format":false,"excerpt":"Forscher best\u00e4tigen, dass einzelne Lichtteilchen ausreichen, um Photosynthese zu starten - was wichtig f\u00fcr k\u00fcnstliche Photosynthese ist. Quelle: Ein Lichtteilchen reicht aus, um die Photosynthese zu starten Oder: https:\/\/www.nature.com\/articles\/s41586-023-06121-5","rel":"","context":"In &quot;Wissenschaft&quot;","block_context":{"text":"Wissenschaft","link":"https:\/\/www.minutenzeiger.de\/?cat=12"},"img":{"alt_text":"","src":"","width":0,"height":0},"classes":[]},{"id":677,"url":"https:\/\/www.minutenzeiger.de\/?p=677","url_meta":{"origin":512,"position":3},"title":"Vorschl\u00e4ge des B\u00fcrgerrats: Der Weg zu einer gerechteren Bildung","author":"Gonmag","date":"11. Juli 2023","format":false,"excerpt":"Der bundesweite B\u00fcrgerrat Bildung und Lernen hat eine Reihe von Empfehlungen vorgestellt, wie mehr Chancengleichheit im Bildungssystem zu erreichen ist. Die zentrale Formel des Gremiums lautet: fr\u00fcher, besser und l\u00e4nger gemeinsam lernen. Von Oda Tischewski. Quelle: Vorschl\u00e4ge des B\u00fcrgerrats: Der Weg zu einer gerechteren Bildung","rel":"","context":"In &quot;Bildung&quot;","block_context":{"text":"Bildung","link":"https:\/\/www.minutenzeiger.de\/?cat=21"},"img":{"alt_text":"","src":"","width":0,"height":0},"classes":[]},{"id":917,"url":"https:\/\/www.minutenzeiger.de\/?p=917","url_meta":{"origin":512,"position":4},"title":"Wie mit einer Statistik zu Jugendkriminalit\u00e4t Stimmung gemacht wird | tagesschau.de","author":"Gonmag","date":"26. November 2025","format":false,"excerpt":"Eine Studie zu Kriminalit\u00e4t von Jugendlichen in NRW hat heftige Reaktionen ausgel\u00f6st. Die Forscher widersprechen jedoch der Interpretation in Medien und Teilen der daraus von Politikern abgeleiteten Forderungen. Von Wulf Rohwedder. Quelle: Wie mit einer Statistik zu Jugendkriminalit\u00e4t Stimmung gemacht wird | tagesschau.de","rel":"","context":"In &quot;Bielefeld&quot;","block_context":{"text":"Bielefeld","link":"https:\/\/www.minutenzeiger.de\/?cat=7"},"img":{"alt_text":"","src":"","width":0,"height":0},"classes":[]},{"id":635,"url":"https:\/\/www.minutenzeiger.de\/?p=635","url_meta":{"origin":512,"position":5},"title":"Klimaschutz: Die heimlichen Einfl\u00fcsterer der FDP \u2013 Kolumne","author":"Gonmag","date":"26. Juni 2023","format":false,"excerpt":"Die FDP versucht in der Ampel jedes relevante Klimaschutzgesetz zu torpedieren, mit erschreckendem Erfolg. Warum? Eine zentrale Rolle spielen radikale Ideologen \u2013 und ein libert\u00e4rer US-Milliard\u00e4r. Quelle: Klimaschutz: Die heimlichen Einfl\u00fcsterer der FDP \u2013 Kolumne","rel":"","context":"In &quot;Gesellschaft&quot;","block_context":{"text":"Gesellschaft","link":"https:\/\/www.minutenzeiger.de\/?cat=3"},"img":{"alt_text":"","src":"","width":0,"height":0},"classes":[]}],"_links":{"self":[{"href":"https:\/\/www.minutenzeiger.de\/index.php?rest_route=\/wp\/v2\/posts\/512"}],"collection":[{"href":"https:\/\/www.minutenzeiger.de\/index.php?rest_route=\/wp\/v2\/posts"}],"about":[{"href":"https:\/\/www.minutenzeiger.de\/index.php?rest_route=\/wp\/v2\/types\/post"}],"author":[{"embeddable":true,"href":"https:\/\/www.minutenzeiger.de\/index.php?rest_route=\/wp\/v2\/users\/1"}],"replies":[{"embeddable":true,"href":"https:\/\/www.minutenzeiger.de\/index.php?rest_route=%2Fwp%2Fv2%2Fcomments&post=512"}],"version-history":[{"count":1,"href":"https:\/\/www.minutenzeiger.de\/index.php?rest_route=\/wp\/v2\/posts\/512\/revisions"}],"predecessor-version":[{"id":513,"href":"https:\/\/www.minutenzeiger.de\/index.php?rest_route=\/wp\/v2\/posts\/512\/revisions\/513"}],"wp:attachment":[{"href":"https:\/\/www.minutenzeiger.de\/index.php?rest_route=%2Fwp%2Fv2%2Fmedia&parent=512"}],"wp:term":[{"taxonomy":"category","embeddable":true,"href":"https:\/\/www.minutenzeiger.de\/index.php?rest_route=%2Fwp%2Fv2%2Fcategories&post=512"},{"taxonomy":"post_tag","embeddable":true,"href":"https:\/\/www.minutenzeiger.de\/index.php?rest_route=%2Fwp%2Fv2%2Ftags&post=512"}],"curies":[{"name":"wp","href":"https:\/\/api.w.org\/{rel}","templated":true}]}}