{"id":510,"date":"2015-12-06T21:09:18","date_gmt":"2015-12-06T20:09:18","guid":{"rendered":"http:\/\/www.minutenzeiger.de\/?p=510"},"modified":"2015-12-06T21:09:18","modified_gmt":"2015-12-06T20:09:18","slug":"wer-denkt-dass-wir-im-notfall-einfach-den-stecker-ziehen-koennen-der-irrt-sich","status":"publish","type":"post","link":"https:\/\/www.minutenzeiger.de\/?p=510","title":{"rendered":"&#8222;Wer denkt, dass wir im Notfall einfach den Stecker ziehen k\u00f6nnen, der irrt sich&#8220;"},"content":{"rendered":"<p>&#8222;Wer denkt, dass wir im Notfall einfach den Stecker ziehen k\u00f6nnen, der irrt sich&#8220; &#8211; Telepolis \/tp\/artikel\/46\/46764\/1.html<\/p>\n","protected":false},"excerpt":{"rendered":"<p>&#8222;Wer denkt, dass wir im Notfall einfach den Stecker ziehen k\u00f6nnen, der irrt sich&#8220; &#8211; Telepolis \/tp\/artikel\/46\/46764\/1.html<\/p>\n","protected":false},"author":1,"featured_media":0,"comment_status":"closed","ping_status":"open","sticky":false,"template":"","format":"standard","meta":{"jetpack_post_was_ever_published":false,"_jetpack_newsletter_access":"","_jetpack_newsletter_tier_id":0},"categories":[3,9],"tags":[],"jetpack_sharing_enabled":true,"jetpack_featured_media_url":"","jetpack_shortlink":"https:\/\/wp.me\/paAhe5-8e","jetpack-related-posts":[{"id":344,"url":"https:\/\/www.minutenzeiger.de\/?p=344","url_meta":{"origin":510,"position":0},"title":"Wer bezahlt den R\u00fcckbau der deutschen Kernkraftwerke?","author":"Gonmag","date":"29. Juli 2015","format":false,"excerpt":"Wer bezahlt den R\u00fcckbau der deutschen Kernkraftwerke? - Telepolis http:\/\/heise.de\/-2764844","rel":"","context":"In &quot;Gesellschaft&quot;","block_context":{"text":"Gesellschaft","link":"https:\/\/www.minutenzeiger.de\/?cat=3"},"img":{"alt_text":"","src":"","width":0,"height":0},"classes":[]},{"id":810,"url":"https:\/\/www.minutenzeiger.de\/?p=810","url_meta":{"origin":510,"position":1},"title":"Studie: Zufriedener dank 30 Minuten weniger Social Media t\u00e4glich","author":"Gonmag","date":"15. Dezember 2023","format":false,"excerpt":"Wer die Social-Media-Nutzung um eine halbe Stunde t\u00e4glich reduziert, ist zufriedener und engagierter im Job. Auch depressive Symptome k\u00f6nnen verringert werden, zeigt eine aktuelle Studie. Quelle: Studie: Zufriedener dank 30 Minuten weniger Social Media t\u00e4glich","rel":"","context":"In &quot;Gesellschaft&quot;","block_context":{"text":"Gesellschaft","link":"https:\/\/www.minutenzeiger.de\/?cat=3"},"img":{"alt_text":"","src":"","width":0,"height":0},"classes":[]},{"id":182,"url":"https:\/\/www.minutenzeiger.de\/?p=182","url_meta":{"origin":510,"position":2},"title":"Wer stoppt den &#8222;Geisterfahrer&#8220;?","author":"Gonmag","date":"1. Februar 2015","format":false,"excerpt":"Wer stoppt den \"Geisterfahrer\"? - Telepolis \/tp\/artikel\/44\/44020\/","rel":"","context":"In &quot;Gesellschaft&quot;","block_context":{"text":"Gesellschaft","link":"https:\/\/www.minutenzeiger.de\/?cat=3"},"img":{"alt_text":"","src":"","width":0,"height":0},"classes":[]},{"id":246,"url":"https:\/\/www.minutenzeiger.de\/?p=246","url_meta":{"origin":510,"position":3},"title":"&#8222;Die ganze Privatisierung hat dazu gef\u00fchrt, dass wir mittlerweile fast realsozialistische Verh\u00e4ltnisse haben&#8220;","author":"Gonmag","date":"1. Mai 2015","format":false,"excerpt":"\"Die ganze Privatisierung hat dazu gef\u00fchrt, dass wir mittlerweile fast realsozialistische Verh\u00e4ltnisse haben\" - Telepolis \/tp\/artikel\/44\/44751\/","rel":"","context":"In &quot;Gesellschaft&quot;","block_context":{"text":"Gesellschaft","link":"https:\/\/www.minutenzeiger.de\/?cat=3"},"img":{"alt_text":"","src":"","width":0,"height":0},"classes":[]},{"id":428,"url":"https:\/\/www.minutenzeiger.de\/?p=428","url_meta":{"origin":510,"position":4},"title":"Wir m\u00fcssen etwas in den Herkunftsl\u00e4ndern der Fl\u00fcchtlinge tun\u2026","author":"Gonmag","date":"19. September 2015","format":false,"excerpt":"Wir m\u00fcssen etwas in den Herkunftsl\u00e4ndern der Fl\u00fcchtlinge tun\u2026 - Telepolis \/tp\/artikel\/46\/46033\/","rel":"","context":"In &quot;Gesellschaft&quot;","block_context":{"text":"Gesellschaft","link":"https:\/\/www.minutenzeiger.de\/?cat=3"},"img":{"alt_text":"","src":"","width":0,"height":0},"classes":[]},{"id":700,"url":"https:\/\/www.minutenzeiger.de\/?p=700","url_meta":{"origin":510,"position":5},"title":"Im Blindflug in die Abh\u00e4ngigkeit: Was wir \u00fcber KI ausblenden | Telepolis","author":"Gonmag","date":"25. Juli 2023","format":false,"excerpt":"Eine neue Studie untersucht mit K\u00fcnstlicher Intelligenz, wie wir mit KI umgehen. Was dabei herauskommt, ist verbl\u00fcffend. Ein Land verliert dabei den Anschluss. Quelle: Im Blindflug in die Abh\u00e4ngigkeit: Was wir \u00fcber KI ausblenden | Telepolis","rel":"","context":"In &quot;AI\/KI&quot;","block_context":{"text":"AI\/KI","link":"https:\/\/www.minutenzeiger.de\/?cat=16"},"img":{"alt_text":"","src":"","width":0,"height":0},"classes":[]}],"_links":{"self":[{"href":"https:\/\/www.minutenzeiger.de\/index.php?rest_route=\/wp\/v2\/posts\/510"}],"collection":[{"href":"https:\/\/www.minutenzeiger.de\/index.php?rest_route=\/wp\/v2\/posts"}],"about":[{"href":"https:\/\/www.minutenzeiger.de\/index.php?rest_route=\/wp\/v2\/types\/post"}],"author":[{"embeddable":true,"href":"https:\/\/www.minutenzeiger.de\/index.php?rest_route=\/wp\/v2\/users\/1"}],"replies":[{"embeddable":true,"href":"https:\/\/www.minutenzeiger.de\/index.php?rest_route=%2Fwp%2Fv2%2Fcomments&post=510"}],"version-history":[{"count":1,"href":"https:\/\/www.minutenzeiger.de\/index.php?rest_route=\/wp\/v2\/posts\/510\/revisions"}],"predecessor-version":[{"id":511,"href":"https:\/\/www.minutenzeiger.de\/index.php?rest_route=\/wp\/v2\/posts\/510\/revisions\/511"}],"wp:attachment":[{"href":"https:\/\/www.minutenzeiger.de\/index.php?rest_route=%2Fwp%2Fv2%2Fmedia&parent=510"}],"wp:term":[{"taxonomy":"category","embeddable":true,"href":"https:\/\/www.minutenzeiger.de\/index.php?rest_route=%2Fwp%2Fv2%2Fcategories&post=510"},{"taxonomy":"post_tag","embeddable":true,"href":"https:\/\/www.minutenzeiger.de\/index.php?rest_route=%2Fwp%2Fv2%2Ftags&post=510"}],"curies":[{"name":"wp","href":"https:\/\/api.w.org\/{rel}","templated":true}]}}