{"id":508,"date":"2015-12-06T21:05:59","date_gmt":"2015-12-06T20:05:59","guid":{"rendered":"http:\/\/www.minutenzeiger.de\/?p=508"},"modified":"2015-12-06T21:05:59","modified_gmt":"2015-12-06T20:05:59","slug":"kommentar-verbot-der-netz-anonymitaet-legt-die-axt-an-die-demokratie","status":"publish","type":"post","link":"https:\/\/www.minutenzeiger.de\/?p=508","title":{"rendered":"Kommentar: Verbot der Netz-Anonymit\u00e4t legt die Axt an die Demokratie"},"content":{"rendered":"<p>Kommentar: Verbot der Netz-Anonymit\u00e4t legt die Axt an die Demokratie &#8211; heise online <a href=\"http:\/\/heise.de\/-3032799\">http:\/\/heise.de\/-3032799<\/a><\/p>\n","protected":false},"excerpt":{"rendered":"<p>Kommentar: Verbot der Netz-Anonymit\u00e4t legt die Axt an die Demokratie &#8211; heise online http:\/\/heise.de\/-3032799<\/p>\n","protected":false},"author":1,"featured_media":0,"comment_status":"closed","ping_status":"open","sticky":false,"template":"","format":"standard","meta":{"jetpack_post_was_ever_published":false,"_jetpack_newsletter_access":"","_jetpack_newsletter_tier_id":0},"categories":[3,11,9,4],"tags":[],"jetpack_sharing_enabled":true,"jetpack_featured_media_url":"","jetpack_shortlink":"https:\/\/wp.me\/paAhe5-8c","jetpack-related-posts":[{"id":140,"url":"https:\/\/www.minutenzeiger.de\/?p=140","url_meta":{"origin":508,"position":0},"title":"Kommentar: Die Crypto-Wars 3.0 sind ein Kampf um den Erhalt der Demokratie","author":"Gonmag","date":"23. Januar 2015","format":false,"excerpt":"Kommentar: Die Crypto-Wars 3.0 sind ein Kampf um den Erhalt der Demokratie - heise online http:\/\/heise.de\/-2525998","rel":"","context":"In &quot;Gesellschaft&quot;","block_context":{"text":"Gesellschaft","link":"https:\/\/www.minutenzeiger.de\/?cat=3"},"img":{"alt_text":"","src":"","width":0,"height":0},"classes":[]},{"id":932,"url":"https:\/\/www.minutenzeiger.de\/?p=932","url_meta":{"origin":508,"position":1},"title":"Medienforscherin kritisiert ein generelles Social-Media-Verbot | heise online","author":"Gonmag","date":"12. M\u00e4rz 2026","format":false,"excerpt":"Analoge Probleme lassen sich nicht mit einem digitalen Verbot beheben und die Alterskontrolle funktioniert nicht wie an der Kasse. Quelle: Medienforscherin kritisiert ein generelles Social-Media-Verbot | heise online","rel":"","context":"In &quot;AI\/KI&quot;","block_context":{"text":"AI\/KI","link":"https:\/\/www.minutenzeiger.de\/?cat=16"},"img":{"alt_text":"","src":"","width":0,"height":0},"classes":[]},{"id":366,"url":"https:\/\/www.minutenzeiger.de\/?p=366","url_meta":{"origin":508,"position":2},"title":"&#8222;Griechenland ist ein Ort, wo der Kapitalismus die Demokratie bek\u00e4mpft&#8220;","author":"Gonmag","date":"12. August 2015","format":false,"excerpt":"\"Griechenland ist ein Ort, wo der Kapitalismus die Demokratie bek\u00e4mpft\" - Telepolis http:\/\/heise.de\/-2776725","rel":"","context":"In &quot;Gesellschaft&quot;","block_context":{"text":"Gesellschaft","link":"https:\/\/www.minutenzeiger.de\/?cat=3"},"img":{"alt_text":"","src":"","width":0,"height":0},"classes":[]},{"id":466,"url":"https:\/\/www.minutenzeiger.de\/?p=466","url_meta":{"origin":508,"position":3},"title":"&#8222;Viele halten die Demokratie f\u00fcr eine veraltete Technologie&#8220;","author":"Gonmag","date":"12. Oktober 2015","format":false,"excerpt":"\"Viele halten die Demokratie f\u00fcr eine veraltete Technologie\" - Telepolis \/tp\/artikel\/46\/46140\/","rel":"","context":"In &quot;Allgemein&quot;","block_context":{"text":"Allgemein","link":"https:\/\/www.minutenzeiger.de\/?cat=1"},"img":{"alt_text":"","src":"","width":0,"height":0},"classes":[]},{"id":785,"url":"https:\/\/www.minutenzeiger.de\/?p=785","url_meta":{"origin":508,"position":4},"title":"Verb\u00e4nde kritisieren K\u00fcrzungen: &#8222;Dann gibt es kein soziales Netz mehr&#8220;","author":"Gonmag","date":"14. Oktober 2023","format":false,"excerpt":"Caritas und Diakonie schlagen Alarm: Der Bund will weniger Geld f\u00fcr Kinder- und Jugendhilfe, Migrations- und Schuldnerberatung ausgeben. Die Sozialverb\u00e4nde bef\u00fcrchten Risse im sozialen Netz. Von Eckhart Querner. Quelle: Verb\u00e4nde kritisieren K\u00fcrzungen: \"Dann gibt es kein soziales Netz mehr\"","rel":"","context":"In &quot;Gesellschaft&quot;","block_context":{"text":"Gesellschaft","link":"https:\/\/www.minutenzeiger.de\/?cat=3"},"img":{"alt_text":"","src":"","width":0,"height":0},"classes":[]},{"id":364,"url":"https:\/\/www.minutenzeiger.de\/?p=364","url_meta":{"origin":508,"position":5},"title":"Atombombe oder Demokratie?","author":"Gonmag","date":"9. August 2015","format":false,"excerpt":"Atombombe oder Demokratie? - Telepolis \/tp\/artikel\/45\/45652\/","rel":"","context":"In &quot;Gesellschaft&quot;","block_context":{"text":"Gesellschaft","link":"https:\/\/www.minutenzeiger.de\/?cat=3"},"img":{"alt_text":"","src":"","width":0,"height":0},"classes":[]}],"_links":{"self":[{"href":"https:\/\/www.minutenzeiger.de\/index.php?rest_route=\/wp\/v2\/posts\/508"}],"collection":[{"href":"https:\/\/www.minutenzeiger.de\/index.php?rest_route=\/wp\/v2\/posts"}],"about":[{"href":"https:\/\/www.minutenzeiger.de\/index.php?rest_route=\/wp\/v2\/types\/post"}],"author":[{"embeddable":true,"href":"https:\/\/www.minutenzeiger.de\/index.php?rest_route=\/wp\/v2\/users\/1"}],"replies":[{"embeddable":true,"href":"https:\/\/www.minutenzeiger.de\/index.php?rest_route=%2Fwp%2Fv2%2Fcomments&post=508"}],"version-history":[{"count":1,"href":"https:\/\/www.minutenzeiger.de\/index.php?rest_route=\/wp\/v2\/posts\/508\/revisions"}],"predecessor-version":[{"id":509,"href":"https:\/\/www.minutenzeiger.de\/index.php?rest_route=\/wp\/v2\/posts\/508\/revisions\/509"}],"wp:attachment":[{"href":"https:\/\/www.minutenzeiger.de\/index.php?rest_route=%2Fwp%2Fv2%2Fmedia&parent=508"}],"wp:term":[{"taxonomy":"category","embeddable":true,"href":"https:\/\/www.minutenzeiger.de\/index.php?rest_route=%2Fwp%2Fv2%2Fcategories&post=508"},{"taxonomy":"post_tag","embeddable":true,"href":"https:\/\/www.minutenzeiger.de\/index.php?rest_route=%2Fwp%2Fv2%2Ftags&post=508"}],"curies":[{"name":"wp","href":"https:\/\/api.w.org\/{rel}","templated":true}]}}