{"id":500,"date":"2015-11-19T21:16:24","date_gmt":"2015-11-19T20:16:24","guid":{"rendered":"http:\/\/www.minutenzeiger.de\/?p=500"},"modified":"2015-11-19T21:16:24","modified_gmt":"2015-11-19T20:16:24","slug":"markieren-die-anschlaege-von-paris-ein-europaeisches-911","status":"publish","type":"post","link":"https:\/\/www.minutenzeiger.de\/?p=500","title":{"rendered":"Markieren die Anschl\u00e4ge von Paris ein europ\u00e4isches 9\/11?"},"content":{"rendered":"<p>Markieren die Anschl\u00e4ge von Paris ein europ\u00e4isches 9\/11? &#8211; Telepolis \/tp\/artikel\/46\/46604\/<\/p>\n","protected":false},"excerpt":{"rendered":"<p>Markieren die Anschl\u00e4ge von Paris ein europ\u00e4isches 9\/11? &#8211; Telepolis \/tp\/artikel\/46\/46604\/<\/p>\n","protected":false},"author":1,"featured_media":0,"comment_status":"closed","ping_status":"open","sticky":false,"template":"","format":"standard","meta":{"jetpack_post_was_ever_published":false,"_jetpack_newsletter_access":"","_jetpack_newsletter_tier_id":0},"categories":[3,9,6],"tags":[],"jetpack_sharing_enabled":true,"jetpack_featured_media_url":"","jetpack_shortlink":"https:\/\/wp.me\/paAhe5-84","jetpack-related-posts":[{"id":873,"url":"https:\/\/www.minutenzeiger.de\/?p=873","url_meta":{"origin":500,"position":0},"title":"Bek\u00e4mpfung von Aids: Die Revolution wird aufgeschoben","author":"Gonmag","date":"27. September 2024","format":false,"excerpt":"Der Wirkstoff Lenacapavir verhindert HIV-Infektionen sicher und k\u00f6nnte den Kampf gegen Aids ver\u00e4ndern. Doch ein Pharmariese sperrt sich. Quelle: Bek\u00e4mpfung von Aids: Die Revolution wird aufgeschoben","rel":"","context":"In &quot;Gesellschaft&quot;","block_context":{"text":"Gesellschaft","link":"https:\/\/www.minutenzeiger.de\/?cat=3"},"img":{"alt_text":"","src":"","width":0,"height":0},"classes":[]},{"id":776,"url":"https:\/\/www.minutenzeiger.de\/?p=776","url_meta":{"origin":500,"position":1},"title":"Wof\u00fcr ein B\u00e4cker aus Unterfranken K\u00fcnstliche Intelligenz einsetzt | tagesschau.de","author":"Gonmag","date":"17. September 2023","format":false,"excerpt":"Bei einem B\u00e4cker aus Unterfranken meldet ein KI-System, wenn das Br\u00f6tchenregal Nachschub braucht. Das Handwerk hofft, mit solchen technischen Innovationen auch die Personalnot zu lindern. Von Frank Breitenstein. Quelle: Wof\u00fcr ein B\u00e4cker aus Unterfranken K\u00fcnstliche Intelligenz einsetzt | tagesschau.de","rel":"","context":"In &quot;AI\/KI&quot;","block_context":{"text":"AI\/KI","link":"https:\/\/www.minutenzeiger.de\/?cat=16"},"img":{"alt_text":"","src":"","width":0,"height":0},"classes":[]},{"id":763,"url":"https:\/\/www.minutenzeiger.de\/?p=763","url_meta":{"origin":500,"position":2},"title":"Anzeichen von Bewusstsein bei ChatGPT und Co.? | heise online","author":"Gonmag","date":"7. September 2023","format":false,"excerpt":"Ein interdisziplin\u00e4res Forschungsteam hat eine Liste von Eigenschaften aufgestellt, die auf Bewusstsein deuten, und aktuelle KI-Systeme darauf abgeklopft. Quelle: Anzeichen von Bewusstsein bei ChatGPT und Co.? | heise online","rel":"","context":"In &quot;AI\/KI&quot;","block_context":{"text":"AI\/KI","link":"https:\/\/www.minutenzeiger.de\/?cat=16"},"img":{"alt_text":"","src":"","width":0,"height":0},"classes":[]},{"id":656,"url":"https:\/\/www.minutenzeiger.de\/?p=656","url_meta":{"origin":500,"position":3},"title":"L\u00e4sst sich Wissenschaft von Unsinn unterscheiden?","author":"Gonmag","date":"10. Juli 2023","format":false,"excerpt":"Ein US-Gericht versuchte 1982 zu kl\u00e4ren, was Wissenschaft ausmacht. Bis heute hat die Philosophie keine eindeutige Antwort f\u00fcr den Umgang mit Pseudowissenschaft Quelle: L\u00e4sst sich Wissenschaft von Unsinn unterscheiden?","rel":"","context":"In &quot;Wissenschaft&quot;","block_context":{"text":"Wissenschaft","link":"https:\/\/www.minutenzeiger.de\/?cat=12"},"img":{"alt_text":"","src":"","width":0,"height":0},"classes":[]},{"id":366,"url":"https:\/\/www.minutenzeiger.de\/?p=366","url_meta":{"origin":500,"position":4},"title":"&#8222;Griechenland ist ein Ort, wo der Kapitalismus die Demokratie bek\u00e4mpft&#8220;","author":"Gonmag","date":"12. August 2015","format":false,"excerpt":"\"Griechenland ist ein Ort, wo der Kapitalismus die Demokratie bek\u00e4mpft\" - Telepolis http:\/\/heise.de\/-2776725","rel":"","context":"In &quot;Gesellschaft&quot;","block_context":{"text":"Gesellschaft","link":"https:\/\/www.minutenzeiger.de\/?cat=3"},"img":{"alt_text":"","src":"","width":0,"height":0},"classes":[]},{"id":140,"url":"https:\/\/www.minutenzeiger.de\/?p=140","url_meta":{"origin":500,"position":5},"title":"Kommentar: Die Crypto-Wars 3.0 sind ein Kampf um den Erhalt der Demokratie","author":"Gonmag","date":"23. Januar 2015","format":false,"excerpt":"Kommentar: Die Crypto-Wars 3.0 sind ein Kampf um den Erhalt der Demokratie - heise online http:\/\/heise.de\/-2525998","rel":"","context":"In &quot;Gesellschaft&quot;","block_context":{"text":"Gesellschaft","link":"https:\/\/www.minutenzeiger.de\/?cat=3"},"img":{"alt_text":"","src":"","width":0,"height":0},"classes":[]}],"_links":{"self":[{"href":"https:\/\/www.minutenzeiger.de\/index.php?rest_route=\/wp\/v2\/posts\/500"}],"collection":[{"href":"https:\/\/www.minutenzeiger.de\/index.php?rest_route=\/wp\/v2\/posts"}],"about":[{"href":"https:\/\/www.minutenzeiger.de\/index.php?rest_route=\/wp\/v2\/types\/post"}],"author":[{"embeddable":true,"href":"https:\/\/www.minutenzeiger.de\/index.php?rest_route=\/wp\/v2\/users\/1"}],"replies":[{"embeddable":true,"href":"https:\/\/www.minutenzeiger.de\/index.php?rest_route=%2Fwp%2Fv2%2Fcomments&post=500"}],"version-history":[{"count":1,"href":"https:\/\/www.minutenzeiger.de\/index.php?rest_route=\/wp\/v2\/posts\/500\/revisions"}],"predecessor-version":[{"id":501,"href":"https:\/\/www.minutenzeiger.de\/index.php?rest_route=\/wp\/v2\/posts\/500\/revisions\/501"}],"wp:attachment":[{"href":"https:\/\/www.minutenzeiger.de\/index.php?rest_route=%2Fwp%2Fv2%2Fmedia&parent=500"}],"wp:term":[{"taxonomy":"category","embeddable":true,"href":"https:\/\/www.minutenzeiger.de\/index.php?rest_route=%2Fwp%2Fv2%2Fcategories&post=500"},{"taxonomy":"post_tag","embeddable":true,"href":"https:\/\/www.minutenzeiger.de\/index.php?rest_route=%2Fwp%2Fv2%2Ftags&post=500"}],"curies":[{"name":"wp","href":"https:\/\/api.w.org\/{rel}","templated":true}]}}