{"id":486,"date":"2015-10-29T22:02:32","date_gmt":"2015-10-29T21:02:32","guid":{"rendered":"http:\/\/www.minutenzeiger.de\/?p=486"},"modified":"2015-10-29T22:02:32","modified_gmt":"2015-10-29T21:02:32","slug":"weltbild-in-gefahr-auftritt-von-daniele-ganser-an-uni-in-witten","status":"publish","type":"post","link":"https:\/\/www.minutenzeiger.de\/?p=486","title":{"rendered":"Weltbild in Gefahr: Auftritt von Daniele Ganser an Uni in Witten"},"content":{"rendered":"<p>Weltbild in Gefahr: Auftritt von Daniele Ganser an Uni in Witten &#8211; Telepolis \/tp\/artikel\/46\/46412\/<\/p>\n","protected":false},"excerpt":{"rendered":"<p>Weltbild in Gefahr: Auftritt von Daniele Ganser an Uni in Witten &#8211; Telepolis \/tp\/artikel\/46\/46412\/<\/p>\n","protected":false},"author":1,"featured_media":0,"comment_status":"closed","ping_status":"open","sticky":false,"template":"","format":"standard","meta":{"jetpack_post_was_ever_published":false,"_jetpack_newsletter_access":"","_jetpack_newsletter_tier_id":0},"categories":[7,3,8,9,12],"tags":[],"jetpack_sharing_enabled":true,"jetpack_featured_media_url":"","jetpack_shortlink":"https:\/\/wp.me\/paAhe5-7Q","jetpack-related-posts":[{"id":939,"url":"https:\/\/www.minutenzeiger.de\/?p=939","url_meta":{"origin":486,"position":0},"title":"Machen uns KI-Chatbots d\u00fcmmer? Die Gefahr ist da, aber es gibt eine Gegenstrategie | taz.de","author":"Gonmag","date":"24. M\u00e4rz 2026","format":false,"excerpt":"Wird d\u00fcmmer, wer KI-Chatbots verwendet? Nicht unbedingt, sagt der Forscher Michael Gerlich. Zwar sei die Gefahr da \u2013 aber es gibt eine Gegenstrategie. Quelle: Machen uns KI-Chatbots d\u00fcmmer? Die Gefahr ist da, aber es gibt eine Gegenstrategie | taz.de","rel":"","context":"In &quot;AI\/KI&quot;","block_context":{"text":"AI\/KI","link":"https:\/\/www.minutenzeiger.de\/?cat=16"},"img":{"alt_text":"","src":"","width":0,"height":0},"classes":[]},{"id":220,"url":"https:\/\/www.minutenzeiger.de\/?p=220","url_meta":{"origin":486,"position":1},"title":"Herrschaft des Apparats: Die Gefahr der Administrokratie &#8211; SPIEGEL ONLINE","author":"Gonmag","date":"12. Februar 2015","format":false,"excerpt":"http:\/\/spon.de\/aeqXc","rel":"","context":"In &quot;Gesellschaft&quot;","block_context":{"text":"Gesellschaft","link":"https:\/\/www.minutenzeiger.de\/?cat=3"},"img":{"alt_text":"","src":"","width":0,"height":0},"classes":[]},{"id":550,"url":"https:\/\/www.minutenzeiger.de\/?p=550","url_meta":{"origin":486,"position":2},"title":"Die Uni ist heute tot","author":"Gonmag","date":"19. Februar 2017","format":false,"excerpt":"Die Uni ist heute tot - Telepolis http:\/\/heise.de\/-3629533","rel":"","context":"In &quot;Gesellschaft&quot;","block_context":{"text":"Gesellschaft","link":"https:\/\/www.minutenzeiger.de\/?cat=3"},"img":{"alt_text":"","src":"","width":0,"height":0},"classes":[]},{"id":763,"url":"https:\/\/www.minutenzeiger.de\/?p=763","url_meta":{"origin":486,"position":3},"title":"Anzeichen von Bewusstsein bei ChatGPT und Co.? | heise online","author":"Gonmag","date":"7. September 2023","format":false,"excerpt":"Ein interdisziplin\u00e4res Forschungsteam hat eine Liste von Eigenschaften aufgestellt, die auf Bewusstsein deuten, und aktuelle KI-Systeme darauf abgeklopft. Quelle: Anzeichen von Bewusstsein bei ChatGPT und Co.? | heise online","rel":"","context":"In &quot;AI\/KI&quot;","block_context":{"text":"AI\/KI","link":"https:\/\/www.minutenzeiger.de\/?cat=16"},"img":{"alt_text":"","src":"","width":0,"height":0},"classes":[]},{"id":608,"url":"https:\/\/www.minutenzeiger.de\/?p=608","url_meta":{"origin":486,"position":4},"title":"K\u00fcnftige KI-Modelle potenziell von Demenz bedroht | heise online","author":"Gonmag","date":"7. Juli 2023","format":false,"excerpt":"Eine neue Studie befasst sich mit der Frage, wie es sich auf K\u00fcnstliche Intelligenz auswirkt, wenn sie k\u00fcnftig st\u00e4rker anhand von KI-generierten Texten lernt. Quelle: K\u00fcnftige KI-Modelle potenziell von Demenz bedroht | heise online","rel":"","context":"In &quot;AI\/KI&quot;","block_context":{"text":"AI\/KI","link":"https:\/\/www.minutenzeiger.de\/?cat=16"},"img":{"alt_text":"","src":"","width":0,"height":0},"classes":[]},{"id":917,"url":"https:\/\/www.minutenzeiger.de\/?p=917","url_meta":{"origin":486,"position":5},"title":"Wie mit einer Statistik zu Jugendkriminalit\u00e4t Stimmung gemacht wird | tagesschau.de","author":"Gonmag","date":"26. November 2025","format":false,"excerpt":"Eine Studie zu Kriminalit\u00e4t von Jugendlichen in NRW hat heftige Reaktionen ausgel\u00f6st. Die Forscher widersprechen jedoch der Interpretation in Medien und Teilen der daraus von Politikern abgeleiteten Forderungen. Von Wulf Rohwedder. Quelle: Wie mit einer Statistik zu Jugendkriminalit\u00e4t Stimmung gemacht wird | tagesschau.de","rel":"","context":"In &quot;Bielefeld&quot;","block_context":{"text":"Bielefeld","link":"https:\/\/www.minutenzeiger.de\/?cat=7"},"img":{"alt_text":"","src":"","width":0,"height":0},"classes":[]}],"_links":{"self":[{"href":"https:\/\/www.minutenzeiger.de\/index.php?rest_route=\/wp\/v2\/posts\/486"}],"collection":[{"href":"https:\/\/www.minutenzeiger.de\/index.php?rest_route=\/wp\/v2\/posts"}],"about":[{"href":"https:\/\/www.minutenzeiger.de\/index.php?rest_route=\/wp\/v2\/types\/post"}],"author":[{"embeddable":true,"href":"https:\/\/www.minutenzeiger.de\/index.php?rest_route=\/wp\/v2\/users\/1"}],"replies":[{"embeddable":true,"href":"https:\/\/www.minutenzeiger.de\/index.php?rest_route=%2Fwp%2Fv2%2Fcomments&post=486"}],"version-history":[{"count":1,"href":"https:\/\/www.minutenzeiger.de\/index.php?rest_route=\/wp\/v2\/posts\/486\/revisions"}],"predecessor-version":[{"id":487,"href":"https:\/\/www.minutenzeiger.de\/index.php?rest_route=\/wp\/v2\/posts\/486\/revisions\/487"}],"wp:attachment":[{"href":"https:\/\/www.minutenzeiger.de\/index.php?rest_route=%2Fwp%2Fv2%2Fmedia&parent=486"}],"wp:term":[{"taxonomy":"category","embeddable":true,"href":"https:\/\/www.minutenzeiger.de\/index.php?rest_route=%2Fwp%2Fv2%2Fcategories&post=486"},{"taxonomy":"post_tag","embeddable":true,"href":"https:\/\/www.minutenzeiger.de\/index.php?rest_route=%2Fwp%2Fv2%2Ftags&post=486"}],"curies":[{"name":"wp","href":"https:\/\/api.w.org\/{rel}","templated":true}]}}