{"id":484,"date":"2015-10-29T21:51:37","date_gmt":"2015-10-29T20:51:37","guid":{"rendered":"http:\/\/www.minutenzeiger.de\/?p=484"},"modified":"2015-10-29T21:51:37","modified_gmt":"2015-10-29T20:51:37","slug":"jede-wette-dass-die-schuldenbremse-die-naechste-krise-nicht-ueberlebt","status":"publish","type":"post","link":"https:\/\/www.minutenzeiger.de\/?p=484","title":{"rendered":"&#8222;Jede Wette, dass die Schuldenbremse die n\u00e4chste Krise nicht \u00fcberlebt&#8220;"},"content":{"rendered":"<p>&#8222;Jede Wette, dass die Schuldenbremse die n\u00e4chste Krise nicht \u00fcberlebt&#8220; &#8211; Telepolis \/tp\/artikel\/46\/46249\/<\/p>\n","protected":false},"excerpt":{"rendered":"<p>&#8222;Jede Wette, dass die Schuldenbremse die n\u00e4chste Krise nicht \u00fcberlebt&#8220; &#8211; Telepolis \/tp\/artikel\/46\/46249\/<\/p>\n","protected":false},"author":1,"featured_media":0,"comment_status":"closed","ping_status":"open","sticky":false,"template":"","format":"standard","meta":{"jetpack_post_was_ever_published":false,"_jetpack_newsletter_access":"","_jetpack_newsletter_tier_id":0},"categories":[3,9],"tags":[],"jetpack_sharing_enabled":true,"jetpack_featured_media_url":"","jetpack_shortlink":"https:\/\/wp.me\/paAhe5-7O","jetpack-related-posts":[{"id":450,"url":"https:\/\/www.minutenzeiger.de\/?p=450","url_meta":{"origin":484,"position":0},"title":"Die Nation in der Krise","author":"Gonmag","date":"30. September 2015","format":false,"excerpt":"Die Nation in der Krise - Telepolis \/tp\/artikel\/46\/46109\/","rel":"","context":"In &quot;Gesellschaft&quot;","block_context":{"text":"Gesellschaft","link":"https:\/\/www.minutenzeiger.de\/?cat=3"},"img":{"alt_text":"","src":"","width":0,"height":0},"classes":[]},{"id":721,"url":"https:\/\/www.minutenzeiger.de\/?p=721","url_meta":{"origin":484,"position":1},"title":"Aktivismus als Bereicherung: Engagiert euch! &#8211; taz.de","author":"Gonmag","date":"31. Juli 2023","format":false,"excerpt":"Politisches Engagement ist f\u00fcr unsere Autorin selbstverst\u00e4ndlich und lohnt immer. Das hei\u00dft allerdings nicht, dass die Lasten gerecht verteilt w\u00e4ren. Quelle: Aktivismus als Bereicherung: Engagiert euch! - taz.de","rel":"","context":"In &quot;Gesellschaft&quot;","block_context":{"text":"Gesellschaft","link":"https:\/\/www.minutenzeiger.de\/?cat=3"},"img":{"alt_text":"","src":"","width":0,"height":0},"classes":[]},{"id":246,"url":"https:\/\/www.minutenzeiger.de\/?p=246","url_meta":{"origin":484,"position":2},"title":"&#8222;Die ganze Privatisierung hat dazu gef\u00fchrt, dass wir mittlerweile fast realsozialistische Verh\u00e4ltnisse haben&#8220;","author":"Gonmag","date":"1. Mai 2015","format":false,"excerpt":"\"Die ganze Privatisierung hat dazu gef\u00fchrt, dass wir mittlerweile fast realsozialistische Verh\u00e4ltnisse haben\" - Telepolis \/tp\/artikel\/44\/44751\/","rel":"","context":"In &quot;Gesellschaft&quot;","block_context":{"text":"Gesellschaft","link":"https:\/\/www.minutenzeiger.de\/?cat=3"},"img":{"alt_text":"","src":"","width":0,"height":0},"classes":[]},{"id":664,"url":"https:\/\/www.minutenzeiger.de\/?p=664","url_meta":{"origin":484,"position":3},"title":"EU-Subventionen f\u00fcr Pellets: Europa auf dem Holzweg","author":"Gonmag","date":"10. Juli 2023","format":false,"excerpt":"In Europas Kohlekraftwerken werden immer mehr Pellets verbrannt \u2013 subventioniert durch die EU. Dass das so bleibt, daf\u00fcr sorgt auch die Holzlobby. Quelle: EU-Subventionen f\u00fcr Pellets: Europa auf dem Holzweg","rel":"","context":"In &quot;Gesundheit&quot;","block_context":{"text":"Gesundheit","link":"https:\/\/www.minutenzeiger.de\/?cat=10"},"img":{"alt_text":"","src":"","width":0,"height":0},"classes":[]},{"id":638,"url":"https:\/\/www.minutenzeiger.de\/?p=638","url_meta":{"origin":484,"position":4},"title":"Ein Lichtteilchen reicht aus, um die Photosynthese zu starten","author":"Gonmag","date":"4. Juli 2023","format":false,"excerpt":"Forscher best\u00e4tigen, dass einzelne Lichtteilchen ausreichen, um Photosynthese zu starten - was wichtig f\u00fcr k\u00fcnstliche Photosynthese ist. Quelle: Ein Lichtteilchen reicht aus, um die Photosynthese zu starten Oder: https:\/\/www.nature.com\/articles\/s41586-023-06121-5","rel":"","context":"In &quot;Wissenschaft&quot;","block_context":{"text":"Wissenschaft","link":"https:\/\/www.minutenzeiger.de\/?cat=12"},"img":{"alt_text":"","src":"","width":0,"height":0},"classes":[]},{"id":881,"url":"https:\/\/www.minutenzeiger.de\/?p=881","url_meta":{"origin":484,"position":5},"title":"FTC-Bericht: Massen\u00fcberwachung durch Online-Plattformen ist au\u00dfer Kontrolle","author":"Gonmag","date":"28. September 2024","format":false,"excerpt":"Die US-Handelsaufsicht moniert, dass gro\u00dfe Social-Media- und Streaming-Portale ihre Nutzer in gro\u00dfem Umfang ausspionieren und dabei auf den Datenschutz pfeifen. Quelle: FTC-Bericht: Massen\u00fcberwachung durch Online-Plattformen ist au\u00dfer Kontrolle","rel":"","context":"In &quot;AI\/KI&quot;","block_context":{"text":"AI\/KI","link":"https:\/\/www.minutenzeiger.de\/?cat=16"},"img":{"alt_text":"","src":"","width":0,"height":0},"classes":[]}],"_links":{"self":[{"href":"https:\/\/www.minutenzeiger.de\/index.php?rest_route=\/wp\/v2\/posts\/484"}],"collection":[{"href":"https:\/\/www.minutenzeiger.de\/index.php?rest_route=\/wp\/v2\/posts"}],"about":[{"href":"https:\/\/www.minutenzeiger.de\/index.php?rest_route=\/wp\/v2\/types\/post"}],"author":[{"embeddable":true,"href":"https:\/\/www.minutenzeiger.de\/index.php?rest_route=\/wp\/v2\/users\/1"}],"replies":[{"embeddable":true,"href":"https:\/\/www.minutenzeiger.de\/index.php?rest_route=%2Fwp%2Fv2%2Fcomments&post=484"}],"version-history":[{"count":1,"href":"https:\/\/www.minutenzeiger.de\/index.php?rest_route=\/wp\/v2\/posts\/484\/revisions"}],"predecessor-version":[{"id":485,"href":"https:\/\/www.minutenzeiger.de\/index.php?rest_route=\/wp\/v2\/posts\/484\/revisions\/485"}],"wp:attachment":[{"href":"https:\/\/www.minutenzeiger.de\/index.php?rest_route=%2Fwp%2Fv2%2Fmedia&parent=484"}],"wp:term":[{"taxonomy":"category","embeddable":true,"href":"https:\/\/www.minutenzeiger.de\/index.php?rest_route=%2Fwp%2Fv2%2Fcategories&post=484"},{"taxonomy":"post_tag","embeddable":true,"href":"https:\/\/www.minutenzeiger.de\/index.php?rest_route=%2Fwp%2Fv2%2Ftags&post=484"}],"curies":[{"name":"wp","href":"https:\/\/api.w.org\/{rel}","templated":true}]}}