{"id":48,"date":"2015-01-10T23:40:58","date_gmt":"2015-01-10T22:40:58","guid":{"rendered":"http:\/\/www.minutenzeiger.de\/?p=48"},"modified":"2015-01-10T23:40:58","modified_gmt":"2015-01-10T22:40:58","slug":"ich-bin-nicht-charlie","status":"publish","type":"post","link":"https:\/\/www.minutenzeiger.de\/?p=48","title":{"rendered":"Ich bin nicht Charlie!"},"content":{"rendered":"<p>Ich bin nicht Charlie! &#8211; Telepolis \/tp\/artikel\/43\/43814\/<\/p>\n","protected":false},"excerpt":{"rendered":"<p>Ich bin nicht Charlie! &#8211; Telepolis \/tp\/artikel\/43\/43814\/<\/p>\n","protected":false},"author":1,"featured_media":0,"comment_status":"closed","ping_status":"open","sticky":false,"template":"","format":"standard","meta":{"jetpack_post_was_ever_published":false,"_jetpack_newsletter_access":"","_jetpack_newsletter_tier_id":0},"categories":[3],"tags":[],"jetpack_sharing_enabled":true,"jetpack_featured_media_url":"","jetpack_shortlink":"https:\/\/wp.me\/paAhe5-M","jetpack-related-posts":[{"id":390,"url":"https:\/\/www.minutenzeiger.de\/?p=390","url_meta":{"origin":48,"position":0},"title":"Ich bin Pack","author":"Gonmag","date":"27. August 2015","format":false,"excerpt":"Ich bin Pack - Telepolis \/tp\/artikel\/45\/45823\/","rel":"","context":"In &quot;Gesellschaft&quot;","block_context":{"text":"Gesellschaft","link":"https:\/\/www.minutenzeiger.de\/?cat=3"},"img":{"alt_text":"","src":"","width":0,"height":0},"classes":[]},{"id":144,"url":"https:\/\/www.minutenzeiger.de\/?p=144","url_meta":{"origin":48,"position":1},"title":"Nach Charlie versteht Frankreich keinen Spa\u00df mehr","author":"Gonmag","date":"23. Januar 2015","format":false,"excerpt":"Nach Charlie versteht Frankreich keinen Spa\u00df mehr - Telepolis \/tp\/artikel\/43\/43943\/","rel":"","context":"In &quot;Gesellschaft&quot;","block_context":{"text":"Gesellschaft","link":"https:\/\/www.minutenzeiger.de\/?cat=3"},"img":{"alt_text":"","src":"","width":0,"height":0},"classes":[]},{"id":30,"url":"https:\/\/www.minutenzeiger.de\/?p=30","url_meta":{"origin":48,"position":2},"title":"Nach dem Charlie-Hebdo-Attentat: Ein hauptverd\u00e4chtiger Dschihadist und viele Fragen","author":"Gonmag","date":"8. Januar 2015","format":false,"excerpt":"Nach dem Charlie-Hebdo-Attentat: Ein hauptverd\u00e4chtiger Dschihadist und viele Fragen - Telepolis \/tp\/artikel\/43\/43797\/","rel":"","context":"In &quot;Gesellschaft&quot;","block_context":{"text":"Gesellschaft","link":"https:\/\/www.minutenzeiger.de\/?cat=3"},"img":{"alt_text":"","src":"","width":0,"height":0},"classes":[]},{"id":126,"url":"https:\/\/www.minutenzeiger.de\/?p=126","url_meta":{"origin":48,"position":3},"title":"R\u00fchr meinen D\u00fcnkel nicht an","author":"Gonmag","date":"19. Januar 2015","format":false,"excerpt":"R\u00fchr meinen D\u00fcnkel nicht an - Telepolis \/tp\/artikel\/43\/43856\/","rel":"","context":"In &quot;Gesellschaft&quot;","block_context":{"text":"Gesellschaft","link":"https:\/\/www.minutenzeiger.de\/?cat=3"},"img":{"alt_text":"","src":"","width":0,"height":0},"classes":[]},{"id":174,"url":"https:\/\/www.minutenzeiger.de\/?p=174","url_meta":{"origin":48,"position":4},"title":"Charlie und die Heuchler","author":"Gonmag","date":"31. Januar 2015","format":false,"excerpt":"Charlie und die Heuchler - Telepolis \/tp\/artikel\/44\/44015\/","rel":"","context":"In &quot;Gesellschaft&quot;","block_context":{"text":"Gesellschaft","link":"https:\/\/www.minutenzeiger.de\/?cat=3"},"img":{"alt_text":"","src":"","width":0,"height":0},"classes":[]},{"id":484,"url":"https:\/\/www.minutenzeiger.de\/?p=484","url_meta":{"origin":48,"position":5},"title":"&#8222;Jede Wette, dass die Schuldenbremse die n\u00e4chste Krise nicht \u00fcberlebt&#8220;","author":"Gonmag","date":"29. Oktober 2015","format":false,"excerpt":"\"Jede Wette, dass die Schuldenbremse die n\u00e4chste Krise nicht \u00fcberlebt\" - Telepolis \/tp\/artikel\/46\/46249\/","rel":"","context":"In &quot;Gesellschaft&quot;","block_context":{"text":"Gesellschaft","link":"https:\/\/www.minutenzeiger.de\/?cat=3"},"img":{"alt_text":"","src":"","width":0,"height":0},"classes":[]}],"_links":{"self":[{"href":"https:\/\/www.minutenzeiger.de\/index.php?rest_route=\/wp\/v2\/posts\/48"}],"collection":[{"href":"https:\/\/www.minutenzeiger.de\/index.php?rest_route=\/wp\/v2\/posts"}],"about":[{"href":"https:\/\/www.minutenzeiger.de\/index.php?rest_route=\/wp\/v2\/types\/post"}],"author":[{"embeddable":true,"href":"https:\/\/www.minutenzeiger.de\/index.php?rest_route=\/wp\/v2\/users\/1"}],"replies":[{"embeddable":true,"href":"https:\/\/www.minutenzeiger.de\/index.php?rest_route=%2Fwp%2Fv2%2Fcomments&post=48"}],"version-history":[{"count":1,"href":"https:\/\/www.minutenzeiger.de\/index.php?rest_route=\/wp\/v2\/posts\/48\/revisions"}],"predecessor-version":[{"id":49,"href":"https:\/\/www.minutenzeiger.de\/index.php?rest_route=\/wp\/v2\/posts\/48\/revisions\/49"}],"wp:attachment":[{"href":"https:\/\/www.minutenzeiger.de\/index.php?rest_route=%2Fwp%2Fv2%2Fmedia&parent=48"}],"wp:term":[{"taxonomy":"category","embeddable":true,"href":"https:\/\/www.minutenzeiger.de\/index.php?rest_route=%2Fwp%2Fv2%2Fcategories&post=48"},{"taxonomy":"post_tag","embeddable":true,"href":"https:\/\/www.minutenzeiger.de\/index.php?rest_route=%2Fwp%2Fv2%2Ftags&post=48"}],"curies":[{"name":"wp","href":"https:\/\/api.w.org\/{rel}","templated":true}]}}