{"id":466,"date":"2015-10-12T20:39:25","date_gmt":"2015-10-12T19:39:25","guid":{"rendered":"http:\/\/www.minutenzeiger.de\/?p=466"},"modified":"2015-10-12T20:39:25","modified_gmt":"2015-10-12T19:39:25","slug":"viele-halten-die-demokratie-fuer-eine-veraltete-technologie","status":"publish","type":"post","link":"https:\/\/www.minutenzeiger.de\/?p=466","title":{"rendered":"&#8222;Viele halten die Demokratie f\u00fcr eine veraltete Technologie&#8220;"},"content":{"rendered":"<p>&#8222;Viele halten die Demokratie f\u00fcr eine veraltete Technologie&#8220; &#8211; Telepolis \/tp\/artikel\/46\/46140\/<\/p>\n","protected":false},"excerpt":{"rendered":"<p>&#8222;Viele halten die Demokratie f\u00fcr eine veraltete Technologie&#8220; &#8211; Telepolis \/tp\/artikel\/46\/46140\/<\/p>\n","protected":false},"author":1,"featured_media":0,"comment_status":"closed","ping_status":"open","sticky":false,"template":"","format":"standard","meta":{"jetpack_post_was_ever_published":false,"_jetpack_newsletter_access":"","_jetpack_newsletter_tier_id":0},"categories":[1],"tags":[],"jetpack_sharing_enabled":true,"jetpack_featured_media_url":"","jetpack_shortlink":"https:\/\/wp.me\/paAhe5-7w","jetpack-related-posts":[{"id":508,"url":"https:\/\/www.minutenzeiger.de\/?p=508","url_meta":{"origin":466,"position":0},"title":"Kommentar: Verbot der Netz-Anonymit\u00e4t legt die Axt an die Demokratie","author":"Gonmag","date":"6. Dezember 2015","format":false,"excerpt":"Kommentar: Verbot der Netz-Anonymit\u00e4t legt die Axt an die Demokratie - heise online http:\/\/heise.de\/-3032799","rel":"","context":"In &quot;Gesellschaft&quot;","block_context":{"text":"Gesellschaft","link":"https:\/\/www.minutenzeiger.de\/?cat=3"},"img":{"alt_text":"","src":"","width":0,"height":0},"classes":[]},{"id":366,"url":"https:\/\/www.minutenzeiger.de\/?p=366","url_meta":{"origin":466,"position":1},"title":"&#8222;Griechenland ist ein Ort, wo der Kapitalismus die Demokratie bek\u00e4mpft&#8220;","author":"Gonmag","date":"12. August 2015","format":false,"excerpt":"\"Griechenland ist ein Ort, wo der Kapitalismus die Demokratie bek\u00e4mpft\" - Telepolis http:\/\/heise.de\/-2776725","rel":"","context":"In &quot;Gesellschaft&quot;","block_context":{"text":"Gesellschaft","link":"https:\/\/www.minutenzeiger.de\/?cat=3"},"img":{"alt_text":"","src":"","width":0,"height":0},"classes":[]},{"id":140,"url":"https:\/\/www.minutenzeiger.de\/?p=140","url_meta":{"origin":466,"position":2},"title":"Kommentar: Die Crypto-Wars 3.0 sind ein Kampf um den Erhalt der Demokratie","author":"Gonmag","date":"23. Januar 2015","format":false,"excerpt":"Kommentar: Die Crypto-Wars 3.0 sind ein Kampf um den Erhalt der Demokratie - heise online http:\/\/heise.de\/-2525998","rel":"","context":"In &quot;Gesellschaft&quot;","block_context":{"text":"Gesellschaft","link":"https:\/\/www.minutenzeiger.de\/?cat=3"},"img":{"alt_text":"","src":"","width":0,"height":0},"classes":[]},{"id":364,"url":"https:\/\/www.minutenzeiger.de\/?p=364","url_meta":{"origin":466,"position":3},"title":"Atombombe oder Demokratie?","author":"Gonmag","date":"9. August 2015","format":false,"excerpt":"Atombombe oder Demokratie? - Telepolis \/tp\/artikel\/45\/45652\/","rel":"","context":"In &quot;Gesellschaft&quot;","block_context":{"text":"Gesellschaft","link":"https:\/\/www.minutenzeiger.de\/?cat=3"},"img":{"alt_text":"","src":"","width":0,"height":0},"classes":[]},{"id":244,"url":"https:\/\/www.minutenzeiger.de\/?p=244","url_meta":{"origin":466,"position":4},"title":"Ist Demokratie mit dieser EU \u00fcberhaupt m\u00f6glich?","author":"Gonmag","date":"26. April 2015","format":false,"excerpt":"Ist Demokratie mit dieser EU \u00fcberhaupt m\u00f6glich? - Telepolis http:\/\/heise.de\/-2621230","rel":"","context":"In &quot;Gesellschaft&quot;","block_context":{"text":"Gesellschaft","link":"https:\/\/www.minutenzeiger.de\/?cat=3"},"img":{"alt_text":"","src":"","width":0,"height":0},"classes":[]},{"id":238,"url":"https:\/\/www.minutenzeiger.de\/?p=238","url_meta":{"origin":466,"position":5},"title":"Freihandel und Wirtschaftswachstum statt Demokratie und \u00d6kologie","author":"Gonmag","date":"30. M\u00e4rz 2015","format":false,"excerpt":"Freihandel und Wirtschaftswachstum statt Demokratie und \u00d6kologie - Telepolis \/tp\/artikel\/44\/44487\/","rel":"","context":"In &quot;Gesellschaft&quot;","block_context":{"text":"Gesellschaft","link":"https:\/\/www.minutenzeiger.de\/?cat=3"},"img":{"alt_text":"","src":"","width":0,"height":0},"classes":[]}],"_links":{"self":[{"href":"https:\/\/www.minutenzeiger.de\/index.php?rest_route=\/wp\/v2\/posts\/466"}],"collection":[{"href":"https:\/\/www.minutenzeiger.de\/index.php?rest_route=\/wp\/v2\/posts"}],"about":[{"href":"https:\/\/www.minutenzeiger.de\/index.php?rest_route=\/wp\/v2\/types\/post"}],"author":[{"embeddable":true,"href":"https:\/\/www.minutenzeiger.de\/index.php?rest_route=\/wp\/v2\/users\/1"}],"replies":[{"embeddable":true,"href":"https:\/\/www.minutenzeiger.de\/index.php?rest_route=%2Fwp%2Fv2%2Fcomments&post=466"}],"version-history":[{"count":1,"href":"https:\/\/www.minutenzeiger.de\/index.php?rest_route=\/wp\/v2\/posts\/466\/revisions"}],"predecessor-version":[{"id":467,"href":"https:\/\/www.minutenzeiger.de\/index.php?rest_route=\/wp\/v2\/posts\/466\/revisions\/467"}],"wp:attachment":[{"href":"https:\/\/www.minutenzeiger.de\/index.php?rest_route=%2Fwp%2Fv2%2Fmedia&parent=466"}],"wp:term":[{"taxonomy":"category","embeddable":true,"href":"https:\/\/www.minutenzeiger.de\/index.php?rest_route=%2Fwp%2Fv2%2Fcategories&post=466"},{"taxonomy":"post_tag","embeddable":true,"href":"https:\/\/www.minutenzeiger.de\/index.php?rest_route=%2Fwp%2Fv2%2Ftags&post=466"}],"curies":[{"name":"wp","href":"https:\/\/api.w.org\/{rel}","templated":true}]}}