{"id":448,"date":"2015-09-29T20:25:02","date_gmt":"2015-09-29T19:25:02","guid":{"rendered":"http:\/\/www.minutenzeiger.de\/?p=448"},"modified":"2015-09-29T20:25:02","modified_gmt":"2015-09-29T19:25:02","slug":"umbau-des-rechtsstaats-und-militarisierung-der-politik","status":"publish","type":"post","link":"https:\/\/www.minutenzeiger.de\/?p=448","title":{"rendered":"Umbau des Rechtsstaats und Militarisierung der Politik"},"content":{"rendered":"<p>Umbau des Rechtsstaats und Militarisierung der Politik &#8211; Telepolis \/tp\/artikel\/46\/46124\/<\/p>\n","protected":false},"excerpt":{"rendered":"<p>Umbau des Rechtsstaats und Militarisierung der Politik &#8211; Telepolis \/tp\/artikel\/46\/46124\/<\/p>\n","protected":false},"author":1,"featured_media":0,"comment_status":"closed","ping_status":"open","sticky":false,"template":"","format":"standard","meta":{"jetpack_post_was_ever_published":false,"_jetpack_newsletter_access":"","_jetpack_newsletter_tier_id":0},"categories":[3,9,6,4],"tags":[],"jetpack_sharing_enabled":true,"jetpack_featured_media_url":"","jetpack_shortlink":"https:\/\/wp.me\/paAhe5-7e","jetpack-related-posts":[{"id":276,"url":"https:\/\/www.minutenzeiger.de\/?p=276","url_meta":{"origin":448,"position":0},"title":"Hartz IV und die Politik der Angst","author":"Gonmag","date":"9. Juli 2015","format":false,"excerpt":"Hartz IV und die Politik der Angst - Telepolis http:\/\/heise.de\/-2745209","rel":"","context":"In &quot;Gesellschaft&quot;","block_context":{"text":"Gesellschaft","link":"https:\/\/www.minutenzeiger.de\/?cat=3"},"img":{"alt_text":"","src":"","width":0,"height":0},"classes":[]},{"id":362,"url":"https:\/\/www.minutenzeiger.de\/?p=362","url_meta":{"origin":448,"position":1},"title":"Ermittlungen gegen Netzpolitik.org dienen objektiv der Einsch\u00fcchterung von Journalisten und Informanten","author":"Gonmag","date":"8. August 2015","format":false,"excerpt":"Ermittlungen gegen Netzpolitik.org dienen objektiv der Einsch\u00fcchterung von Journalisten und Informanten - Telepolis \/tp\/artikel\/45\/45661\/","rel":"","context":"In &quot;Gesellschaft&quot;","block_context":{"text":"Gesellschaft","link":"https:\/\/www.minutenzeiger.de\/?cat=3"},"img":{"alt_text":"","src":"","width":0,"height":0},"classes":[]},{"id":36,"url":"https:\/\/www.minutenzeiger.de\/?p=36","url_meta":{"origin":448,"position":2},"title":"Netzpolitik 2014: Ein Erfolg, aber nicht in der Politik | Politik Digital","author":"Gonmag","date":"9. Januar 2015","format":false,"excerpt":"http:\/\/politik-digital.de\/netzpolitik-2014-ein-erfolg-aber-nicht-in-der-politik\/","rel":"","context":"In &quot;Gesellschaft&quot;","block_context":{"text":"Gesellschaft","link":"https:\/\/www.minutenzeiger.de\/?cat=3"},"img":{"alt_text":"","src":"","width":0,"height":0},"classes":[]},{"id":224,"url":"https:\/\/www.minutenzeiger.de\/?p=224","url_meta":{"origin":448,"position":3},"title":"Pegida: Einsam in der Echokammer | Politik Digital","author":"Gonmag","date":"13. Februar 2015","format":false,"excerpt":"http:\/\/politik-digital.de\/pegida-einsam-in-der-echokammer","rel":"","context":"In &quot;Bielefeld&quot;","block_context":{"text":"Bielefeld","link":"https:\/\/www.minutenzeiger.de\/?cat=7"},"img":{"alt_text":"","src":"","width":0,"height":0},"classes":[]},{"id":635,"url":"https:\/\/www.minutenzeiger.de\/?p=635","url_meta":{"origin":448,"position":4},"title":"Klimaschutz: Die heimlichen Einfl\u00fcsterer der FDP \u2013 Kolumne","author":"Gonmag","date":"26. Juni 2023","format":false,"excerpt":"Die FDP versucht in der Ampel jedes relevante Klimaschutzgesetz zu torpedieren, mit erschreckendem Erfolg. Warum? Eine zentrale Rolle spielen radikale Ideologen \u2013 und ein libert\u00e4rer US-Milliard\u00e4r. Quelle: Klimaschutz: Die heimlichen Einfl\u00fcsterer der FDP \u2013 Kolumne","rel":"","context":"In &quot;Gesellschaft&quot;","block_context":{"text":"Gesellschaft","link":"https:\/\/www.minutenzeiger.de\/?cat=3"},"img":{"alt_text":"","src":"","width":0,"height":0},"classes":[]},{"id":785,"url":"https:\/\/www.minutenzeiger.de\/?p=785","url_meta":{"origin":448,"position":5},"title":"Verb\u00e4nde kritisieren K\u00fcrzungen: &#8222;Dann gibt es kein soziales Netz mehr&#8220;","author":"Gonmag","date":"14. Oktober 2023","format":false,"excerpt":"Caritas und Diakonie schlagen Alarm: Der Bund will weniger Geld f\u00fcr Kinder- und Jugendhilfe, Migrations- und Schuldnerberatung ausgeben. Die Sozialverb\u00e4nde bef\u00fcrchten Risse im sozialen Netz. Von Eckhart Querner. Quelle: Verb\u00e4nde kritisieren K\u00fcrzungen: \"Dann gibt es kein soziales Netz mehr\"","rel":"","context":"In &quot;Gesellschaft&quot;","block_context":{"text":"Gesellschaft","link":"https:\/\/www.minutenzeiger.de\/?cat=3"},"img":{"alt_text":"","src":"","width":0,"height":0},"classes":[]}],"_links":{"self":[{"href":"https:\/\/www.minutenzeiger.de\/index.php?rest_route=\/wp\/v2\/posts\/448"}],"collection":[{"href":"https:\/\/www.minutenzeiger.de\/index.php?rest_route=\/wp\/v2\/posts"}],"about":[{"href":"https:\/\/www.minutenzeiger.de\/index.php?rest_route=\/wp\/v2\/types\/post"}],"author":[{"embeddable":true,"href":"https:\/\/www.minutenzeiger.de\/index.php?rest_route=\/wp\/v2\/users\/1"}],"replies":[{"embeddable":true,"href":"https:\/\/www.minutenzeiger.de\/index.php?rest_route=%2Fwp%2Fv2%2Fcomments&post=448"}],"version-history":[{"count":1,"href":"https:\/\/www.minutenzeiger.de\/index.php?rest_route=\/wp\/v2\/posts\/448\/revisions"}],"predecessor-version":[{"id":449,"href":"https:\/\/www.minutenzeiger.de\/index.php?rest_route=\/wp\/v2\/posts\/448\/revisions\/449"}],"wp:attachment":[{"href":"https:\/\/www.minutenzeiger.de\/index.php?rest_route=%2Fwp%2Fv2%2Fmedia&parent=448"}],"wp:term":[{"taxonomy":"category","embeddable":true,"href":"https:\/\/www.minutenzeiger.de\/index.php?rest_route=%2Fwp%2Fv2%2Fcategories&post=448"},{"taxonomy":"post_tag","embeddable":true,"href":"https:\/\/www.minutenzeiger.de\/index.php?rest_route=%2Fwp%2Fv2%2Ftags&post=448"}],"curies":[{"name":"wp","href":"https:\/\/api.w.org\/{rel}","templated":true}]}}