{"id":436,"date":"2015-09-23T20:06:30","date_gmt":"2015-09-23T19:06:30","guid":{"rendered":"http:\/\/www.minutenzeiger.de\/?p=436"},"modified":"2015-09-23T20:06:30","modified_gmt":"2015-09-23T19:06:30","slug":"merkel-verhaelt-sich-nicht-anders-als-quotensuechtige-medien","status":"publish","type":"post","link":"https:\/\/www.minutenzeiger.de\/?p=436","title":{"rendered":"&#8222;Merkel verh\u00e4lt sich nicht anders als quotens\u00fcchtige Medien&#8220;"},"content":{"rendered":"<p>&#8222;Merkel verh\u00e4lt sich nicht anders als quotens\u00fcchtige Medien&#8220; &#8211; Telepolis \/tp\/artikel\/46\/46078\/<\/p>\n","protected":false},"excerpt":{"rendered":"<p>&#8222;Merkel verh\u00e4lt sich nicht anders als quotens\u00fcchtige Medien&#8220; &#8211; Telepolis \/tp\/artikel\/46\/46078\/<\/p>\n","protected":false},"author":1,"featured_media":0,"comment_status":"closed","ping_status":"open","sticky":false,"template":"","format":"standard","meta":{"jetpack_post_was_ever_published":false,"_jetpack_newsletter_access":"","_jetpack_newsletter_tier_id":0},"categories":[8],"tags":[],"jetpack_sharing_enabled":true,"jetpack_featured_media_url":"","jetpack_shortlink":"https:\/\/wp.me\/paAhe5-72","jetpack-related-posts":[{"id":84,"url":"https:\/\/www.minutenzeiger.de\/?p=84","url_meta":{"origin":436,"position":0},"title":"In den Medien muss sich fast alles \u00e4ndern","author":"Gonmag","date":"16. Januar 2015","format":false,"excerpt":"In den Medien muss sich fast alles \u00e4ndern - Telepolis \/tp\/artikel\/43\/43837\/","rel":"","context":"In &quot;Gesellschaft&quot;","block_context":{"text":"Gesellschaft","link":"https:\/\/www.minutenzeiger.de\/?cat=3"},"img":{"alt_text":"","src":"","width":0,"height":0},"classes":[]},{"id":932,"url":"https:\/\/www.minutenzeiger.de\/?p=932","url_meta":{"origin":436,"position":1},"title":"Medienforscherin kritisiert ein generelles Social-Media-Verbot | heise online","author":"Gonmag","date":"12. M\u00e4rz 2026","format":false,"excerpt":"Analoge Probleme lassen sich nicht mit einem digitalen Verbot beheben und die Alterskontrolle funktioniert nicht wie an der Kasse. Quelle: Medienforscherin kritisiert ein generelles Social-Media-Verbot | heise online","rel":"","context":"In &quot;AI\/KI&quot;","block_context":{"text":"AI\/KI","link":"https:\/\/www.minutenzeiger.de\/?cat=16"},"img":{"alt_text":"","src":"","width":0,"height":0},"classes":[]},{"id":152,"url":"https:\/\/www.minutenzeiger.de\/?p=152","url_meta":{"origin":436,"position":2},"title":"Brandstifter Tsipras, weil er nicht bei den Armen sparen will","author":"Gonmag","date":"26. Januar 2015","format":false,"excerpt":"Brandstifter Tsipras, weil er nicht bei den Armen sparen will - Telepolis http:\/\/heise.de\/-2527944","rel":"","context":"In &quot;Medien&quot;","block_context":{"text":"Medien","link":"https:\/\/www.minutenzeiger.de\/?cat=8"},"img":{"alt_text":"","src":"","width":0,"height":0},"classes":[]},{"id":136,"url":"https:\/\/www.minutenzeiger.de\/?p=136","url_meta":{"origin":436,"position":3},"title":"Fachkr\u00e4ftemangel: Mehr Schein als Sein?","author":"Gonmag","date":"22. Januar 2015","format":false,"excerpt":"Fachkr\u00e4ftemangel: Mehr Schein als Sein? - Telepolis \/tp\/artikel\/43\/43911\/","rel":"","context":"In &quot;Gesellschaft&quot;","block_context":{"text":"Gesellschaft","link":"https:\/\/www.minutenzeiger.de\/?cat=3"},"img":{"alt_text":"","src":"","width":0,"height":0},"classes":[]},{"id":226,"url":"https:\/\/www.minutenzeiger.de\/?p=226","url_meta":{"origin":436,"position":4},"title":"Kommt Fracking in Deutschland schneller als bef\u00fcrchtet?","author":"Gonmag","date":"14. Februar 2015","format":false,"excerpt":"Kommt Fracking in Deutschland schneller als bef\u00fcrchtet? - Telepolis http:\/\/heise.de\/-2549538","rel":"","context":"In &quot;Gesellschaft&quot;","block_context":{"text":"Gesellschaft","link":"https:\/\/www.minutenzeiger.de\/?cat=3"},"img":{"alt_text":"","src":"","width":0,"height":0},"classes":[]},{"id":350,"url":"https:\/\/www.minutenzeiger.de\/?p=350","url_meta":{"origin":436,"position":5},"title":"Landesverrats-Farce: Warum sich die Regierung derart verheddert?","author":"Gonmag","date":"3. August 2015","format":false,"excerpt":"Landesverrats-Farce: Warum sich die Regierung derart verheddert? - Telepolis \/tp\/artikel\/45\/45608\/","rel":"","context":"In &quot;Gesellschaft&quot;","block_context":{"text":"Gesellschaft","link":"https:\/\/www.minutenzeiger.de\/?cat=3"},"img":{"alt_text":"","src":"","width":0,"height":0},"classes":[]}],"_links":{"self":[{"href":"https:\/\/www.minutenzeiger.de\/index.php?rest_route=\/wp\/v2\/posts\/436"}],"collection":[{"href":"https:\/\/www.minutenzeiger.de\/index.php?rest_route=\/wp\/v2\/posts"}],"about":[{"href":"https:\/\/www.minutenzeiger.de\/index.php?rest_route=\/wp\/v2\/types\/post"}],"author":[{"embeddable":true,"href":"https:\/\/www.minutenzeiger.de\/index.php?rest_route=\/wp\/v2\/users\/1"}],"replies":[{"embeddable":true,"href":"https:\/\/www.minutenzeiger.de\/index.php?rest_route=%2Fwp%2Fv2%2Fcomments&post=436"}],"version-history":[{"count":1,"href":"https:\/\/www.minutenzeiger.de\/index.php?rest_route=\/wp\/v2\/posts\/436\/revisions"}],"predecessor-version":[{"id":437,"href":"https:\/\/www.minutenzeiger.de\/index.php?rest_route=\/wp\/v2\/posts\/436\/revisions\/437"}],"wp:attachment":[{"href":"https:\/\/www.minutenzeiger.de\/index.php?rest_route=%2Fwp%2Fv2%2Fmedia&parent=436"}],"wp:term":[{"taxonomy":"category","embeddable":true,"href":"https:\/\/www.minutenzeiger.de\/index.php?rest_route=%2Fwp%2Fv2%2Fcategories&post=436"},{"taxonomy":"post_tag","embeddable":true,"href":"https:\/\/www.minutenzeiger.de\/index.php?rest_route=%2Fwp%2Fv2%2Ftags&post=436"}],"curies":[{"name":"wp","href":"https:\/\/api.w.org\/{rel}","templated":true}]}}